{"id":36738,"date":"2020-01-28T20:11:37","date_gmt":"2020-01-28T23:11:37","guid":{"rendered":"https:\/\/www.masrojo.com.ar\/home\/?p=36738"},"modified":"2020-01-28T20:11:37","modified_gmt":"2020-01-28T23:11:37","slug":"lucas-romero-banco-a-pablo-perez","status":"publish","type":"post","link":"https:\/\/www.masrojo.com.ar\/home\/2020\/01\/28\/lucas-romero-banco-a-pablo-perez\/","title":{"rendered":"Lucas Romero banc\u00f3 a Pablo P\u00e9rez"},"content":{"rendered":"<p>Lucas Romero banc\u00f3 a Pablo P\u00e9rez: \u00abEs uno de nuestros l\u00edderes\u00bb<\/p>\n<p>El volante respald\u00f3 a su compa\u00f1ero en el mediocampo ante los rumores de una posible desvinculaci\u00f3n del club de Avellaneda.<br \/>\nLucas Romero banc\u00f3 a Pablo P\u00e9rez: &#8216;Es uno de nuestros l\u00edderes&#8217;<br \/>\nLa semana de Independiente tras el empate ante Boca en la Bombonera arranc\u00f3 movida por la noticia de una posible rescisi\u00f3n del contrato de Pablo P\u00e9rez a posteriori de su expulsi\u00f3n el domingo. El primero en bancar al volante fue Lucas Pusineri y Lucas Romero, su compa\u00f1ero en el mediocampo, mantuvo la misma l\u00ednea. \u00abEs muy importante dentro y fuera de la cancha, es uno de nuestros l\u00edderes\u00bb, asegur\u00f3.<\/p>\n<p>\u00abCuando expulsan a un compa\u00f1ero, incluso cuando es un error individual, siempre pide disculpas y el grupo la acepta. Eso queda en el vestuario\u00bb, explic\u00f3 el nacido en Loma Hermosa sobre la reacci\u00f3n del plantel por la tarjeta roja que vi\u00f3 el n\u00famero 8 del conjunto de Avellaneda.<\/p>\n<p>Por otra parte, la hipot\u00e9tica llegada de Federico Mancuello mueve el mercado en Independiente. Romero fue su compa\u00f1ero en Cruzeiro y expres\u00f3 su felicidad por el posible regreso. \u00abTuve la suerte de compartir equipo. Es una gran persona, un gran jugador y seguramente si llega va a ser de gran ayuda para todos nosotros\u00bb, asegur\u00f3.<\/p>\n<blockquote class=\"twitter-tweet\">\n<p lang=\"es\" dir=\"ltr\">Lucas Romero en conferencia <a href=\"https:\/\/t.co\/nMxgPSCliS\">https:\/\/t.co\/nMxgPSCliS<\/a><\/p>\n<p>&mdash; MasRojo (@masrojo) <a href=\"https:\/\/twitter.com\/masrojo\/status\/1222178860613148677?ref_src=twsrc%5Etfw\">January 28, 2020<\/a><\/p><\/blockquote>\n<p> <script async src=\"https:\/\/platform.twitter.com\/widgets.js\" charset=\"utf-8\"><\/script><\/p>\n","protected":false},"excerpt":{"rendered":"<div class=\"mh-excerpt\"><p>Lucas Romero banc\u00f3 a Pablo P\u00e9rez: \u00abEs uno de nuestros l\u00edderes\u00bb El volante respald\u00f3 a su compa\u00f1ero en el mediocampo ante los rumores de una posible desvinculaci\u00f3n del club de Avellaneda. Lucas Romero banc\u00f3 a <a class=\"mh-excerpt-more\" href=\"https:\/\/www.masrojo.com.ar\/home\/2020\/01\/28\/lucas-romero-banco-a-pablo-perez\/\" title=\"Lucas Romero banc\u00f3 a Pablo P\u00e9rez\">[&#8230;]<\/a><\/p>\n<\/div>","protected":false},"author":6,"featured_media":0,"comment_status":"closed","ping_status":"closed","sticky":false,"template":"","format":"video","meta":{"_jetpack_memberships_contains_paid_content":false,"footnotes":"","jetpack_publicize_message":"","jetpack_publicize_feature_enabled":true,"jetpack_social_post_already_shared":true,"jetpack_social_options":{"image_generator_settings":{"template":"highway","enabled":false},"version":2}},"categories":[4],"tags":[],"class_list":{"0":"post-36738","1":"post","2":"type-post","3":"status-publish","4":"format-video","6":"category-actualidad","7":"post_format-post-format-video"},"jetpack_publicize_connections":[],"jetpack_sharing_enabled":true,"jetpack_featured_media_url":"","jetpack_shortlink":"https:\/\/wp.me\/p90W9F-9yy","_links":{"self":[{"href":"https:\/\/www.masrojo.com.ar\/home\/wp-json\/wp\/v2\/posts\/36738"}],"collection":[{"href":"https:\/\/www.masrojo.com.ar\/home\/wp-json\/wp\/v2\/posts"}],"about":[{"href":"https:\/\/www.masrojo.com.ar\/home\/wp-json\/wp\/v2\/types\/post"}],"author":[{"embeddable":true,"href":"https:\/\/www.masrojo.com.ar\/home\/wp-json\/wp\/v2\/users\/6"}],"replies":[{"embeddable":true,"href":"https:\/\/www.masrojo.com.ar\/home\/wp-json\/wp\/v2\/comments?post=36738"}],"version-history":[{"count":1,"href":"https:\/\/www.masrojo.com.ar\/home\/wp-json\/wp\/v2\/posts\/36738\/revisions"}],"predecessor-version":[{"id":36745,"href":"https:\/\/www.masrojo.com.ar\/home\/wp-json\/wp\/v2\/posts\/36738\/revisions\/36745"}],"wp:attachment":[{"href":"https:\/\/www.masrojo.com.ar\/home\/wp-json\/wp\/v2\/media?parent=36738"}],"wp:term":[{"taxonomy":"category","embeddable":true,"href":"https:\/\/www.masrojo.com.ar\/home\/wp-json\/wp\/v2\/categories?post=36738"},{"taxonomy":"post_tag","embeddable":true,"href":"https:\/\/www.masrojo.com.ar\/home\/wp-json\/wp\/v2\/tags?post=36738"}],"curies":[{"name":"wp","href":"https:\/\/api.w.org\/{rel}","templated":true}]}}