{"id":36746,"date":"2020-01-28T20:24:54","date_gmt":"2020-01-28T23:24:54","guid":{"rendered":"https:\/\/www.masrojo.com.ar\/home\/?p=36746"},"modified":"2020-01-28T20:24:54","modified_gmt":"2020-01-28T23:24:54","slug":"pablo-moyano-contra-la-fifa-por-nombrar-a-macri","status":"publish","type":"post","link":"https:\/\/www.masrojo.com.ar\/home\/2020\/01\/28\/pablo-moyano-contra-la-fifa-por-nombrar-a-macri\/","title":{"rendered":"Pablo Moyano contra la Fifa por nombrar a Macri"},"content":{"rendered":"<p>El vicepresidente de Independiente se sum\u00f3 a las cr\u00edticas a Macri en el programa Pasaron Cosas en FM Radio Con Vos.<\/p>\n<p>La designaci\u00f3n de Mauricio Macri a cargo de la Fundaci\u00f3n FIFA despert\u00f3 numerosas cr\u00edticas por parte de los dirigentes del f\u00fatbol argentino, que durante todo el d\u00eda se expresaron p\u00fablicamente en contra del nombramiento. El \u00faltimo que sali\u00f3 a hablar fue Pablo Moyano, vicepresidente de Independiente, que castig\u00f3 duramente a Macri y hasta le lanz\u00f3 una iron\u00eda.<\/p>\n<p>\u201cPor supuesto que me cay\u00f3 mal la designaci\u00f3n de Macri al frente de la Fundaci\u00f3n FIFA\u201c, dijo Moyano en charla con el programa Pasaron Cosas de Radio Con Vos. El vicepresidente de Independiente calific\u00f3 como \u201cun baldazo de agua fr\u00eda\u201d, el nombramiento de Macri por parte de la FIFA en la fundaci\u00f3n que empez\u00f3 a funcionar solo hace un par de a\u00f1os.<\/p>\n<p>\u201cDeber\u00edan haber consultado a la AFA y a la Superliga\u201d, sostuvo Moyano, que tambi\u00e9n apunt\u00f3 contra la entidad madre del f\u00fatbol mundial. \u201cLamentablemente la FIFA no ha cambiado nada y siguen mandando dos o tres pa\u00edses poderosos\u201d, dijo el dirigente gremial, quien con mucha iron\u00eda le pidi\u00f3 a Macri \u201cque no lleve a Laura Alonso para que controle la Oficina Anticorrupci\u00f3n de la FIFA\u00bb.<\/p>\n<p><iframe loading=\"lazy\" width=\"100%\" height=\"65px\" scrolling=\"no\" frameborder=\"no\" src=\"\/\/radiocut.fm\/audiocut\/embed\/mini\/independiente-pablo-moyano-critico-nombramiento-macri-en-fifa\/\" ><\/iframe><\/p>\n","protected":false},"excerpt":{"rendered":"<div class=\"mh-excerpt\"><p>El vicepresidente de Independiente se sum\u00f3 a las cr\u00edticas a Macri en el programa Pasaron Cosas en FM Radio Con Vos. La designaci\u00f3n de Mauricio Macri a cargo de la Fundaci\u00f3n FIFA despert\u00f3 numerosas cr\u00edticas <a class=\"mh-excerpt-more\" href=\"https:\/\/www.masrojo.com.ar\/home\/2020\/01\/28\/pablo-moyano-contra-la-fifa-por-nombrar-a-macri\/\" title=\"Pablo Moyano contra la Fifa por nombrar a Macri\">[&#8230;]<\/a><\/p>\n<\/div>","protected":false},"author":6,"featured_media":30710,"comment_status":"closed","ping_status":"closed","sticky":false,"template":"","format":"audio","meta":{"_jetpack_memberships_contains_paid_content":false,"footnotes":"","jetpack_publicize_message":"","jetpack_publicize_feature_enabled":true,"jetpack_social_post_already_shared":true,"jetpack_social_options":{"image_generator_settings":{"template":"highway","enabled":false},"version":2}},"categories":[4],"tags":[],"class_list":{"0":"post-36746","1":"post","2":"type-post","3":"status-publish","4":"format-audio","5":"has-post-thumbnail","7":"category-actualidad","8":"post_format-post-format-audio"},"jetpack_publicize_connections":[],"jetpack_sharing_enabled":true,"jetpack_featured_media_url":"https:\/\/i0.wp.com\/www.masrojo.com.ar\/home\/wp-content\/uploads\/PM..jpg?fit=930%2C525&ssl=1","jetpack_shortlink":"https:\/\/wp.me\/p90W9F-9yG","_links":{"self":[{"href":"https:\/\/www.masrojo.com.ar\/home\/wp-json\/wp\/v2\/posts\/36746"}],"collection":[{"href":"https:\/\/www.masrojo.com.ar\/home\/wp-json\/wp\/v2\/posts"}],"about":[{"href":"https:\/\/www.masrojo.com.ar\/home\/wp-json\/wp\/v2\/types\/post"}],"author":[{"embeddable":true,"href":"https:\/\/www.masrojo.com.ar\/home\/wp-json\/wp\/v2\/users\/6"}],"replies":[{"embeddable":true,"href":"https:\/\/www.masrojo.com.ar\/home\/wp-json\/wp\/v2\/comments?post=36746"}],"version-history":[{"count":1,"href":"https:\/\/www.masrojo.com.ar\/home\/wp-json\/wp\/v2\/posts\/36746\/revisions"}],"predecessor-version":[{"id":36752,"href":"https:\/\/www.masrojo.com.ar\/home\/wp-json\/wp\/v2\/posts\/36746\/revisions\/36752"}],"wp:featuredmedia":[{"embeddable":true,"href":"https:\/\/www.masrojo.com.ar\/home\/wp-json\/wp\/v2\/media\/30710"}],"wp:attachment":[{"href":"https:\/\/www.masrojo.com.ar\/home\/wp-json\/wp\/v2\/media?parent=36746"}],"wp:term":[{"taxonomy":"category","embeddable":true,"href":"https:\/\/www.masrojo.com.ar\/home\/wp-json\/wp\/v2\/categories?post=36746"},{"taxonomy":"post_tag","embeddable":true,"href":"https:\/\/www.masrojo.com.ar\/home\/wp-json\/wp\/v2\/tags?post=36746"}],"curies":[{"name":"wp","href":"https:\/\/api.w.org\/{rel}","templated":true}]}}