{"id":36760,"date":"2020-01-28T20:32:03","date_gmt":"2020-01-28T23:32:03","guid":{"rendered":"https:\/\/www.masrojo.com.ar\/home\/?p=36760"},"modified":"2020-01-28T20:32:03","modified_gmt":"2020-01-28T23:32:03","slug":"pusineri-es-un-tecnico-muy-simple-y-frontal","status":"publish","type":"post","link":"https:\/\/www.masrojo.com.ar\/home\/2020\/01\/28\/pusineri-es-un-tecnico-muy-simple-y-frontal\/","title":{"rendered":"\u00abPUSINERI ES UN T\u00c9CNICO MUY SIMPLE Y FRONTAL\u00bb"},"content":{"rendered":"<p>El lateral de Independiente dialog\u00f3 en Tarde Redonda sobre los dos partidos que jug\u00f3 Independiente en este a\u00f1o y sus primeras impresiones sobre Lucas Pusineri.<\/p>\n<p>Sobre los duelos ante River y Boca, dijo: \u00abDejamos una buena impresi\u00f3n, jugamos con los dos mejores equipos del f\u00fatbol argentino, o por lo menos con la mejor calidad de jugadores y el dinero que gastan, y nos plantamos bien\u00bb. Y sum\u00f3: \u00abTenemos que seguir afianz\u00e1ndonos como equipo\u00bb.<\/p>\n<p>Consultado por su opini\u00f3n sobre el nuevo DT, Lucas Pusineri, remarc\u00f3: \u00abEs simple y frontal. Tiene mucho car\u00e1cter y eso es importante por que cada uno se encuentra con la verdad\u00bb. Y agreg\u00f3: \u00abMe pide mucho el desdoble, hacer una buena dupla con el atacante, y que rompa por dentro\u00bb.<\/p>\n<p>Por \u00faltimo, sentenci\u00f3: \u00abLa ilusi\u00f3n de volver a la selecci\u00f3n est\u00e1. Pero hoy nos tenemos que reencontrar con el equipo, volver a ser el Independiente competitivo, despu\u00e9s las cosas van a venir solas\u00bb.<\/p>\n<blockquote class=\"twitter-tweet\">\n<p lang=\"es\" dir=\"ltr\">&quot;CONTRA BOCA Y RIVER JUGAMOS BUENOS PARTIDOS&quot;<a href=\"https:\/\/twitter.com\/hashtag\/TardeRedondaFOX?src=hash&amp;ref_src=twsrc%5Etfw\">#TardeRedondaFOX<\/a> | Fabricio Bustos analiz\u00f3 el regreso de Independiente a la <a href=\"https:\/\/twitter.com\/hashtag\/SuperligaxFOX?src=hash&amp;ref_src=twsrc%5Etfw\">#SuperligaxFOX<\/a>, enfrentando al Millonario y al Xeneize. <a href=\"https:\/\/t.co\/Ss0cmHHBBx\">pic.twitter.com\/Ss0cmHHBBx<\/a><\/p>\n<p>&mdash; FOX Sports Argentina (@FOXSportsArg) <a href=\"https:\/\/twitter.com\/FOXSportsArg\/status\/1222258610434191360?ref_src=twsrc%5Etfw\">January 28, 2020<\/a><\/p><\/blockquote>\n<p> <script async src=\"https:\/\/platform.twitter.com\/widgets.js\" charset=\"utf-8\"><\/script><\/p>\n<blockquote class=\"twitter-tweet\">\n<p lang=\"es\" dir=\"ltr\">&quot;TUVE UN BAJ\u00d3N PERO ME REENCONTR\u00c9 CON MI NIVEL&quot;<a href=\"https:\/\/twitter.com\/hashtag\/TardeRedondaFOX?src=hash&amp;ref_src=twsrc%5Etfw\">#TardeRedondaFOX<\/a> | El lateral del Rojo habl\u00f3 sobre su flojo nivel en la previa del Mundial de Rusia, cuando era considerado por Sampaoli, y rememor\u00f3 lo que le ped\u00eda Beccacece cuando estaba en Independiente. <a href=\"https:\/\/t.co\/a8gQwG3s3Z\">pic.twitter.com\/a8gQwG3s3Z<\/a><\/p>\n<p>&mdash; FOX Sports Argentina (@FOXSportsArg) <a href=\"https:\/\/twitter.com\/FOXSportsArg\/status\/1222260786707488770?ref_src=twsrc%5Etfw\">January 28, 2020<\/a><\/p><\/blockquote>\n<p> <script async src=\"https:\/\/platform.twitter.com\/widgets.js\" charset=\"utf-8\"><\/script><\/p>\n<blockquote class=\"twitter-tweet\">\n<p lang=\"es\" dir=\"ltr\">&quot;CON BECCACECE EMPEZAMOS BIEN PERO LA ELIMINACI\u00d3N EN LA SUDAMERICANA MARC\u00d3 MUCHO&quot;<a href=\"https:\/\/twitter.com\/hashtag\/TardeRedondaFOX?src=hash&amp;ref_src=twsrc%5Etfw\">#TardeRedondaFOX<\/a> | Bustos analiz\u00f3 el ciclo de Beccacece en el Rojo y asegur\u00f3 que la eliminaci\u00f3n en la Conmebol Sudamericana fue el comienzo del fin. <a href=\"https:\/\/t.co\/ivljfsgon1\">pic.twitter.com\/ivljfsgon1<\/a><\/p>\n<p>&mdash; FOX Sports Argentina (@FOXSportsArg) <a href=\"https:\/\/twitter.com\/FOXSportsArg\/status\/1222262446490030083?ref_src=twsrc%5Etfw\">January 28, 2020<\/a><\/p><\/blockquote>\n<p> <script async src=\"https:\/\/platform.twitter.com\/widgets.js\" charset=\"utf-8\"><\/script><\/p>\n<blockquote class=\"twitter-tweet\">\n<p lang=\"es\" dir=\"ltr\">&quot;PUSINERI ES UN T\u00c9CNICO MUY SIMPLE Y FRONTAL&quot;<a href=\"https:\/\/twitter.com\/hashtag\/TardeRedondaFOX?src=hash&amp;ref_src=twsrc%5Etfw\">#TardeRedondaFOX<\/a> | Fabricio Bustos, lateral de Independiente, se refiri\u00f3 al comienzo del ciclo del entrenador. <a href=\"https:\/\/t.co\/LTKFnGUy8T\">pic.twitter.com\/LTKFnGUy8T<\/a><\/p>\n<p>&mdash; FOX Sports Argentina (@FOXSportsArg) <a href=\"https:\/\/twitter.com\/FOXSportsArg\/status\/1222263760540327936?ref_src=twsrc%5Etfw\">January 28, 2020<\/a><\/p><\/blockquote>\n<p> <script async src=\"https:\/\/platform.twitter.com\/widgets.js\" charset=\"utf-8\"><\/script><\/p>\n","protected":false},"excerpt":{"rendered":"<div class=\"mh-excerpt\"><p>El lateral de Independiente dialog\u00f3 en Tarde Redonda sobre los dos partidos que jug\u00f3 Independiente en este a\u00f1o y sus primeras impresiones sobre Lucas Pusineri. Sobre los duelos ante River y Boca, dijo: \u00abDejamos una <a class=\"mh-excerpt-more\" href=\"https:\/\/www.masrojo.com.ar\/home\/2020\/01\/28\/pusineri-es-un-tecnico-muy-simple-y-frontal\/\" title=\"\u00abPUSINERI ES UN T\u00c9CNICO MUY SIMPLE Y FRONTAL\u00bb\">[&#8230;]<\/a><\/p>\n<\/div>","protected":false},"author":6,"featured_media":0,"comment_status":"closed","ping_status":"closed","sticky":false,"template":"","format":"video","meta":{"_jetpack_memberships_contains_paid_content":false,"footnotes":"","jetpack_publicize_message":"","jetpack_publicize_feature_enabled":true,"jetpack_social_post_already_shared":true,"jetpack_social_options":{"image_generator_settings":{"template":"highway","enabled":false},"version":2}},"categories":[4],"tags":[],"class_list":{"0":"post-36760","1":"post","2":"type-post","3":"status-publish","4":"format-video","6":"category-actualidad","7":"post_format-post-format-video"},"jetpack_publicize_connections":[],"jetpack_sharing_enabled":true,"jetpack_featured_media_url":"","jetpack_shortlink":"https:\/\/wp.me\/p90W9F-9yU","_links":{"self":[{"href":"https:\/\/www.masrojo.com.ar\/home\/wp-json\/wp\/v2\/posts\/36760"}],"collection":[{"href":"https:\/\/www.masrojo.com.ar\/home\/wp-json\/wp\/v2\/posts"}],"about":[{"href":"https:\/\/www.masrojo.com.ar\/home\/wp-json\/wp\/v2\/types\/post"}],"author":[{"embeddable":true,"href":"https:\/\/www.masrojo.com.ar\/home\/wp-json\/wp\/v2\/users\/6"}],"replies":[{"embeddable":true,"href":"https:\/\/www.masrojo.com.ar\/home\/wp-json\/wp\/v2\/comments?post=36760"}],"version-history":[{"count":1,"href":"https:\/\/www.masrojo.com.ar\/home\/wp-json\/wp\/v2\/posts\/36760\/revisions"}],"predecessor-version":[{"id":36766,"href":"https:\/\/www.masrojo.com.ar\/home\/wp-json\/wp\/v2\/posts\/36760\/revisions\/36766"}],"wp:attachment":[{"href":"https:\/\/www.masrojo.com.ar\/home\/wp-json\/wp\/v2\/media?parent=36760"}],"wp:term":[{"taxonomy":"category","embeddable":true,"href":"https:\/\/www.masrojo.com.ar\/home\/wp-json\/wp\/v2\/categories?post=36760"},{"taxonomy":"post_tag","embeddable":true,"href":"https:\/\/www.masrojo.com.ar\/home\/wp-json\/wp\/v2\/tags?post=36760"}],"curies":[{"name":"wp","href":"https:\/\/api.w.org\/{rel}","templated":true}]}}