{"id":36767,"date":"2020-01-29T11:34:27","date_gmt":"2020-01-29T14:34:27","guid":{"rendered":"https:\/\/www.masrojo.com.ar\/home\/?p=36767"},"modified":"2020-01-29T11:35:28","modified_gmt":"2020-01-29T14:35:28","slug":"para-hugo-moyano-el-nombramiento-de-macri-en-la-fifa-es-una-falta-de-respeto-al-pueblo-argentino","status":"publish","type":"post","link":"https:\/\/www.masrojo.com.ar\/home\/2020\/01\/29\/para-hugo-moyano-el-nombramiento-de-macri-en-la-fifa-es-una-falta-de-respeto-al-pueblo-argentino\/","title":{"rendered":"Hugo Moyano: \u00abEs una falta de respeto al pueblo argentino\u00bb"},"content":{"rendered":"<p style=\"text-align: justify;\">El presidente de Independiente, Hugo Moyano, en di\u00e1logo con #Novaresio910, por Radio La Red AM 910, fue cr\u00edtico con la designaci\u00f3n de Mauricio Macri como titular de la Fundaci\u00f3n FIFA. \u201cEs una falta de respeto al pueblo argentino, al pueblo futbol\u00edstico\u201d, afirm\u00f3.<\/p>\n<p style=\"text-align: justify;\">\u00abDespu\u00e9s de haber sido repudiado en las urnas por el pueblo argentino, no tiene sentido com\u00fan darle este premio. Creo que no le va a servir para nada. Ya mostr\u00f3 su incapacidad total para estar al frente del gobierno\u201d, agreg\u00f3.<\/p>\n<p style=\"text-align: justify;\">Por otra parte, se refiri\u00f3 al titular de la entidad, Gianni Infantino: \u201cUna vez m\u00e1s, me ha defraudado\u201d, afirm\u00f3 el gremialista. Seg\u00fan afirm\u00f3, el titular del organismo \u201cdeber\u00eda haberle pedido su opini\u00f3n a los clubes argentinos\u201d.<\/p>\n<p style=\"text-align: justify;\">Respecto a si la designaci\u00f3n fue una devoluci\u00f3n de favoreces, Moyano primero se mostr\u00f3 prudente. Aunque luego pareci\u00f3 darle veracidad a esa versi\u00f3n: \u201cUno no lo conoce, pero evidentemente ha existido uno\u201d.<\/p>\n<p style=\"text-align: justify;\">\u201cResulta absurdo que en el mundo quede bien una medida de esta naturaleza\u201d, concluy\u00f3 el presidente de Independiente.<\/p>\n<p><iframe loading=\"lazy\" src=\"\/\/ar.radiocut.fm\/audiocut\/embed\/mini\/hugo-moyano-hablo-sobre-designacion-macri-en-fundacion-fifa\/\" width=\"100%\" height=\"65px\" frameborder=\"no\" scrolling=\"no\"><\/iframe><\/p>\n","protected":false},"excerpt":{"rendered":"<div class=\"mh-excerpt\"><p>El presidente de Independiente, Hugo Moyano, en di\u00e1logo con #Novaresio910, por Radio La Red AM 910, fue cr\u00edtico con la designaci\u00f3n de Mauricio Macri como titular de la Fundaci\u00f3n FIFA. \u201cEs una falta de respeto <a class=\"mh-excerpt-more\" href=\"https:\/\/www.masrojo.com.ar\/home\/2020\/01\/29\/para-hugo-moyano-el-nombramiento-de-macri-en-la-fifa-es-una-falta-de-respeto-al-pueblo-argentino\/\" title=\"Hugo Moyano: \u00abEs una falta de respeto al pueblo argentino\u00bb\">[&#8230;]<\/a><\/p>\n<\/div>","protected":false},"author":6,"featured_media":0,"comment_status":"closed","ping_status":"closed","sticky":false,"template":"","format":"audio","meta":{"_jetpack_memberships_contains_paid_content":false,"footnotes":"","jetpack_publicize_message":"","jetpack_publicize_feature_enabled":true,"jetpack_social_post_already_shared":true,"jetpack_social_options":{"image_generator_settings":{"template":"highway","enabled":false},"version":2}},"categories":[4],"tags":[],"class_list":{"0":"post-36767","1":"post","2":"type-post","3":"status-publish","4":"format-audio","6":"category-actualidad","7":"post_format-post-format-audio"},"jetpack_publicize_connections":[],"jetpack_sharing_enabled":true,"jetpack_featured_media_url":"","jetpack_shortlink":"https:\/\/wp.me\/p90W9F-9z1","_links":{"self":[{"href":"https:\/\/www.masrojo.com.ar\/home\/wp-json\/wp\/v2\/posts\/36767"}],"collection":[{"href":"https:\/\/www.masrojo.com.ar\/home\/wp-json\/wp\/v2\/posts"}],"about":[{"href":"https:\/\/www.masrojo.com.ar\/home\/wp-json\/wp\/v2\/types\/post"}],"author":[{"embeddable":true,"href":"https:\/\/www.masrojo.com.ar\/home\/wp-json\/wp\/v2\/users\/6"}],"replies":[{"embeddable":true,"href":"https:\/\/www.masrojo.com.ar\/home\/wp-json\/wp\/v2\/comments?post=36767"}],"version-history":[{"count":2,"href":"https:\/\/www.masrojo.com.ar\/home\/wp-json\/wp\/v2\/posts\/36767\/revisions"}],"predecessor-version":[{"id":36775,"href":"https:\/\/www.masrojo.com.ar\/home\/wp-json\/wp\/v2\/posts\/36767\/revisions\/36775"}],"wp:attachment":[{"href":"https:\/\/www.masrojo.com.ar\/home\/wp-json\/wp\/v2\/media?parent=36767"}],"wp:term":[{"taxonomy":"category","embeddable":true,"href":"https:\/\/www.masrojo.com.ar\/home\/wp-json\/wp\/v2\/categories?post=36767"},{"taxonomy":"post_tag","embeddable":true,"href":"https:\/\/www.masrojo.com.ar\/home\/wp-json\/wp\/v2\/tags?post=36767"}],"curies":[{"name":"wp","href":"https:\/\/api.w.org\/{rel}","templated":true}]}}