{"id":36777,"date":"2020-01-29T11:48:29","date_gmt":"2020-01-29T14:48:29","guid":{"rendered":"https:\/\/www.masrojo.com.ar\/home\/?p=36777"},"modified":"2020-01-29T11:48:29","modified_gmt":"2020-01-29T14:48:29","slug":"pide-un-9-y-no-le-dan","status":"publish","type":"post","link":"https:\/\/www.masrojo.com.ar\/home\/2020\/01\/29\/pide-un-9-y-no-le-dan\/","title":{"rendered":"PIDE UN 9 Y NO LE DAN"},"content":{"rendered":"<p style=\"text-align: justify;\">A 48 horas del cierre del mercado de pases, Lucas Pusineri sigue esperando por refuerzos para el plantel y que no le vendan m\u00e1s jugadores.<\/p>\n<p style=\"text-align: justify;\">El mercado de pases, para <strong>Independiente<\/strong>, es pura improvisaci\u00f3n.\u00a0<strong>Lucas Pusineri\u00a0<\/strong>arrib\u00f3 sabiendo que las caras nuevas iban a escasear, pero nunca se imagin\u00f3 la serie de sucesos que ocurrir\u00edan con posterioridad: emigr\u00f3\u00a0<strong>Nicol\u00e1s Domingo<\/strong>, se fue\u00a0<strong>Nicol\u00e1s Figal\u00a0<\/strong>y no lleg\u00f3 el delantero de \u00e1rea que tanto desea. Para colmo el encuentro ante Boca en La Bombonera podr\u00eda originar otro suceso cuanto menos sorpresivo: la dirigencia se cans\u00f3 de las actitudes indisciplinarias de\u00a0<strong>Pablo P\u00e9rez<\/strong>\u00a0dentro de la cancha y tiene la intenci\u00f3n de rescindirle contrato, reemplaz\u00e1ndolo con un viejo conocido de la casa como\u00a0<strong>Federico Mancuello<\/strong>. \u00bfQu\u00e9 opina el DT? No est\u00e1 convencido del alejamiento de P\u00e9rez y tampoco le levant\u00f3 el pulgar a Mancu, pero en Mitre 470 trabajan para lograr ese \u00abcambio\u00bb y revertir el pensamiento del t\u00e9cnico.<\/p>\n<p style=\"text-align: justify;\">La patada a\u00a0<strong>Jorman Campuzano<\/strong>\u00a0fue la \u00abroja que rebals\u00f3 el vaso\u00bb. Tal es as\u00ed que la Comisi\u00f3n Directiva desea \u00abexpulsarlo\u00bb pag\u00e1ndole la mitad de lo que le corresponde entre lo que le deben (sueldos) y lo que le resta de contrato (hasta junio del 2021). Pero el mediocampista no est\u00e1 dispuesto a resignar dinero con el agravante que ya le comunic\u00f3 a su representante y al entrenador que se quiere quedar en el Rojo. Al margen del deseo, Moyano y compa\u00f1\u00eda ya acordaron con Toluca el traspaso de Mancu -a pr\u00e9stamo por doce meses- a cambio de 150 mil d\u00f3lares, aunque es dif\u00edcil que regrese si el cuerpo t\u00e9cnico no lo desea as\u00ed.<\/p>\n<p style=\"text-align: justify;\">Por lo pronto, mientras los directivos gestionan a sus espaldas, Pusineri a\u00fan no tuvo una determinaci\u00f3n final. Y el tiempo est\u00e1 al acecho, ya que el viernes culmina el mercado de pases.<\/p>\n","protected":false},"excerpt":{"rendered":"<div class=\"mh-excerpt\"><p>A 48 horas del cierre del mercado de pases, Lucas Pusineri sigue esperando por refuerzos para el plantel y que no le vendan m\u00e1s jugadores. El mercado de pases, para Independiente, es pura improvisaci\u00f3n.\u00a0Lucas Pusineri\u00a0arrib\u00f3 <a class=\"mh-excerpt-more\" href=\"https:\/\/www.masrojo.com.ar\/home\/2020\/01\/29\/pide-un-9-y-no-le-dan\/\" title=\"PIDE UN 9 Y NO LE DAN\">[&#8230;]<\/a><\/p>\n<\/div>","protected":false},"author":6,"featured_media":0,"comment_status":"closed","ping_status":"closed","sticky":false,"template":"","format":"image","meta":{"_jetpack_memberships_contains_paid_content":false,"footnotes":"","jetpack_publicize_message":"","jetpack_publicize_feature_enabled":true,"jetpack_social_post_already_shared":true,"jetpack_social_options":{"image_generator_settings":{"template":"highway","enabled":false},"version":2}},"categories":[4],"tags":[],"class_list":{"0":"post-36777","1":"post","2":"type-post","3":"status-publish","4":"format-image","6":"category-actualidad","7":"post_format-post-format-image"},"jetpack_publicize_connections":[],"jetpack_sharing_enabled":true,"jetpack_featured_media_url":"","jetpack_shortlink":"https:\/\/wp.me\/p90W9F-9zb","_links":{"self":[{"href":"https:\/\/www.masrojo.com.ar\/home\/wp-json\/wp\/v2\/posts\/36777"}],"collection":[{"href":"https:\/\/www.masrojo.com.ar\/home\/wp-json\/wp\/v2\/posts"}],"about":[{"href":"https:\/\/www.masrojo.com.ar\/home\/wp-json\/wp\/v2\/types\/post"}],"author":[{"embeddable":true,"href":"https:\/\/www.masrojo.com.ar\/home\/wp-json\/wp\/v2\/users\/6"}],"replies":[{"embeddable":true,"href":"https:\/\/www.masrojo.com.ar\/home\/wp-json\/wp\/v2\/comments?post=36777"}],"version-history":[{"count":1,"href":"https:\/\/www.masrojo.com.ar\/home\/wp-json\/wp\/v2\/posts\/36777\/revisions"}],"predecessor-version":[{"id":36784,"href":"https:\/\/www.masrojo.com.ar\/home\/wp-json\/wp\/v2\/posts\/36777\/revisions\/36784"}],"wp:attachment":[{"href":"https:\/\/www.masrojo.com.ar\/home\/wp-json\/wp\/v2\/media?parent=36777"}],"wp:term":[{"taxonomy":"category","embeddable":true,"href":"https:\/\/www.masrojo.com.ar\/home\/wp-json\/wp\/v2\/categories?post=36777"},{"taxonomy":"post_tag","embeddable":true,"href":"https:\/\/www.masrojo.com.ar\/home\/wp-json\/wp\/v2\/tags?post=36777"}],"curies":[{"name":"wp","href":"https:\/\/api.w.org\/{rel}","templated":true}]}}