{"id":36785,"date":"2020-01-29T17:13:22","date_gmt":"2020-01-29T20:13:22","guid":{"rendered":"https:\/\/www.masrojo.com.ar\/home\/?p=36785"},"modified":"2020-01-29T17:13:22","modified_gmt":"2020-01-29T20:13:22","slug":"pusineri-mancuello-no-es-la-prioridad-que-hoy-estamos-teniendo-y-lo-hable-con-el","status":"publish","type":"post","link":"https:\/\/www.masrojo.com.ar\/home\/2020\/01\/29\/pusineri-mancuello-no-es-la-prioridad-que-hoy-estamos-teniendo-y-lo-hable-con-el\/","title":{"rendered":"Pusineri: \u00abMancuello no es la prioridad que hoy estamos teniendo y lo habl\u00e9 con \u00e9l\u00bb"},"content":{"rendered":"<div class=\"articleTop\">\n<h2 class=\"bajada\" style=\"text-align: justify;\">El entrenador de Independiente explic\u00f3 por qu\u00e9 decidi\u00f3 no intentar repatriar al volante<\/h2>\n<\/div>\n<div class=\"articleMedia\">\n<div class=\"image\" style=\"text-align: justify;\"><picture><source srcset=\"https:\/\/media.tycsports.com\/files\/2020\/01\/29\/85487\/federico-mancuello_416x234.jpg\" media=\"(max-width: 480px) \" data-srcset=\"https:\/\/media.tycsports.com\/files\/2020\/01\/29\/85487\/federico-mancuello_416x234.jpg\" \/><\/picture><\/div>\n<div>\n<p style=\"text-align: justify;\">\u00ab<b>Llam\u00e9 por tel\u00e9fono a Mancuello y le expliqu\u00e9 que las prioridades eran otras<\/b>. Yo siempre creo en un equipo, en un grupo de trabajo. Soy un empleado del club y vendr\u00eda a ser un gerente con jerarqu\u00eda, pero eso no me habilita a hacer lo que quiera.\u00a0<b>Tengo que fundamentar mis decisiones<\/b>\u00ab, asegur\u00f3 el t\u00e9cnico del Rojo en TyC Sports<\/p>\n<p><iframe loading=\"lazy\" src=\"https:\/\/api.vodgc.net\/player\/v2\/embed\/playerId\/HAOD091501186779\/contentId\/877784\" width=\"650\" height=\"390\" frameborder=\"0\" scrolling=\"no\" allowfullscreen=\"allowfullscreen\"><\/iframe><\/p>\n<p style=\"text-align: justify;\">El tema del momento en Independiente es qu\u00e9 va a pasar con el futuro de Pablo P\u00e9rez, quien tuvo una reacci\u00f3n ins\u00f3lita ante Boca, fue expulsado y gener\u00f3 mucha bronca en los dirigentes del Rojo. Lucas Pusineri ni esquiv\u00f3 el tema y dio su opini\u00f3n en una entrevista exclusiva que brind\u00f3 a L\u00edbero.<\/p>\n<p style=\"text-align: justify;\">\u00abFue una situaci\u00f3n muy puntual que deja en evidencia un accionar que tiene un futbolista, con el temperamento, que a veces te juega a favor y otras en contra. En una jugada poco trascendental, ese temperamento hace que esa persona est\u00e9 en boca de todos y con muchas cr\u00edticas. Se acepta su error pero no pudo manejar el impulso y se equivoc\u00f3\u00bb, opin\u00f3 Pusineri.<\/p>\n<p style=\"text-align: justify;\">Y agreg\u00f3: \u00abEste es un juego de errores y hay que convivir con eso. S\u00ed hay que marcar el terreno porque hoy jugar con un hombre de menos es perder. Hay que aprender de los errores para ser mejores como equipo y como personas\u00bb .<\/p>\n<p style=\"text-align: justify;\">A su vez, Pusineri evit\u00f3 decir si en el futuro cuenta con Pablo P\u00e9rez: \u00abMe gu\u00edo por la realidad que vivo d\u00eda a d\u00eda. Hoy entren\u00e9 con 27 jugadores, ma\u00f1ana pueden ser 28 y pasado ma\u00f1ana capaz con 24 porque se fueron otros. Busco sacar lo mejor de esos jugadores\u00bb.<\/p>\n<\/div>\n<\/div>\n","protected":false},"excerpt":{"rendered":"<div class=\"mh-excerpt\"><p>El entrenador de Independiente explic\u00f3 por qu\u00e9 decidi\u00f3 no intentar repatriar al volante \u00abLlam\u00e9 por tel\u00e9fono a Mancuello y le expliqu\u00e9 que las prioridades eran otras. Yo siempre creo en un equipo, en un grupo <a class=\"mh-excerpt-more\" href=\"https:\/\/www.masrojo.com.ar\/home\/2020\/01\/29\/pusineri-mancuello-no-es-la-prioridad-que-hoy-estamos-teniendo-y-lo-hable-con-el\/\" title=\"Pusineri: \u00abMancuello no es la prioridad que hoy estamos teniendo y lo habl\u00e9 con \u00e9l\u00bb\">[&#8230;]<\/a><\/p>\n<\/div>","protected":false},"author":6,"featured_media":0,"comment_status":"closed","ping_status":"closed","sticky":false,"template":"","format":"video","meta":{"_jetpack_memberships_contains_paid_content":false,"footnotes":"","jetpack_publicize_message":"","jetpack_publicize_feature_enabled":true,"jetpack_social_post_already_shared":true,"jetpack_social_options":{"image_generator_settings":{"template":"highway","enabled":false},"version":2}},"categories":[4],"tags":[],"class_list":{"0":"post-36785","1":"post","2":"type-post","3":"status-publish","4":"format-video","6":"category-actualidad","7":"post_format-post-format-video"},"jetpack_publicize_connections":[],"jetpack_sharing_enabled":true,"jetpack_featured_media_url":"","jetpack_shortlink":"https:\/\/wp.me\/p90W9F-9zj","_links":{"self":[{"href":"https:\/\/www.masrojo.com.ar\/home\/wp-json\/wp\/v2\/posts\/36785"}],"collection":[{"href":"https:\/\/www.masrojo.com.ar\/home\/wp-json\/wp\/v2\/posts"}],"about":[{"href":"https:\/\/www.masrojo.com.ar\/home\/wp-json\/wp\/v2\/types\/post"}],"author":[{"embeddable":true,"href":"https:\/\/www.masrojo.com.ar\/home\/wp-json\/wp\/v2\/users\/6"}],"replies":[{"embeddable":true,"href":"https:\/\/www.masrojo.com.ar\/home\/wp-json\/wp\/v2\/comments?post=36785"}],"version-history":[{"count":1,"href":"https:\/\/www.masrojo.com.ar\/home\/wp-json\/wp\/v2\/posts\/36785\/revisions"}],"predecessor-version":[{"id":36792,"href":"https:\/\/www.masrojo.com.ar\/home\/wp-json\/wp\/v2\/posts\/36785\/revisions\/36792"}],"wp:attachment":[{"href":"https:\/\/www.masrojo.com.ar\/home\/wp-json\/wp\/v2\/media?parent=36785"}],"wp:term":[{"taxonomy":"category","embeddable":true,"href":"https:\/\/www.masrojo.com.ar\/home\/wp-json\/wp\/v2\/categories?post=36785"},{"taxonomy":"post_tag","embeddable":true,"href":"https:\/\/www.masrojo.com.ar\/home\/wp-json\/wp\/v2\/tags?post=36785"}],"curies":[{"name":"wp","href":"https:\/\/api.w.org\/{rel}","templated":true}]}}