{"id":36793,"date":"2020-01-29T17:18:04","date_gmt":"2020-01-29T20:18:04","guid":{"rendered":"https:\/\/www.masrojo.com.ar\/home\/?p=36793"},"modified":"2020-01-29T17:18:04","modified_gmt":"2020-01-29T20:18:04","slug":"no-creo-que-pablo-perez-siga-en-independiente","status":"publish","type":"post","link":"https:\/\/www.masrojo.com.ar\/home\/2020\/01\/29\/no-creo-que-pablo-perez-siga-en-independiente\/","title":{"rendered":"\u00abNo creo que Pablo P\u00e9rez siga en Independiente\u00bb"},"content":{"rendered":"<p>Antes de ingresar a la reuni\u00f3n entre Superliga y AFA, el presidente del Rojo se refiri\u00f3 a la situaci\u00f3n del volante y pareci\u00f3 ponerle punto final a su v\u00ednculo con la instituci\u00f3n.<\/p>\n<p>Mientras se preparaba para ingresar a la reuni\u00f3n entre Superliga y AFA para definir y explicar el proceso de licitaci\u00f3n de derechos internacionales, entre otras cosas, el m\u00e1ximo dirigente del Rojo dialog\u00f3 con TyC Sports y, al ser consultado respecto del caso del exjugador de Boca, fue claro: \u00abSeguro que no sigue\u00bb.<\/p>\n<p>Por el lado del jugador, la postura parece ser diametralmente opuesta, ya que no quiere irse de Independiente y aclar\u00f3 que, si deciden rescindir su contrato, deber\u00e1n pagarle la totalidad del mismo, algo que hoy el Rojo no estar\u00eda interesado en hacer.<\/p>\n<p>De esta manera, la situaci\u00f3n parece estancada, aunque Moyano le marc\u00f3 la cancha y confirm\u00f3 que, para \u00e9l, Pablo P\u00e9rez no seguir\u00e1 en Independiente.<\/p>\n<p><iframe loading=\"lazy\" src=\"https:\/\/api.vodgc.net\/player\/v2\/embed\/playerId\/HAOD091501186779\/contentId\/877712?external_playlist=877646,877639,877585,877576,877213,877205,877084,877022,876992,876601,876504,876305,876292,876285,876264,876225,876224,876216,876208,876206,876202,876190,876191,876179,876174,876163,876154,876151,876146,876015,875999,875988,875964,875961,875953,875946,875938,875936,875933,875851,875845,875759,875739,875732,875728,875725,875724,875708,875695\" frameborder=\"0\" allowfullscreen width=\"650\" height=\"390\" scrolling=\"no\"><\/iframe><\/p>\n","protected":false},"excerpt":{"rendered":"<div class=\"mh-excerpt\"><p>Antes de ingresar a la reuni\u00f3n entre Superliga y AFA, el presidente del Rojo se refiri\u00f3 a la situaci\u00f3n del volante y pareci\u00f3 ponerle punto final a su v\u00ednculo con la instituci\u00f3n. Mientras se preparaba <a class=\"mh-excerpt-more\" href=\"https:\/\/www.masrojo.com.ar\/home\/2020\/01\/29\/no-creo-que-pablo-perez-siga-en-independiente\/\" title=\"\u00abNo creo que Pablo P\u00e9rez siga en Independiente\u00bb\">[&#8230;]<\/a><\/p>\n<\/div>","protected":false},"author":6,"featured_media":0,"comment_status":"closed","ping_status":"closed","sticky":false,"template":"","format":"video","meta":{"_jetpack_memberships_contains_paid_content":false,"footnotes":"","jetpack_publicize_message":"","jetpack_publicize_feature_enabled":true,"jetpack_social_post_already_shared":true,"jetpack_social_options":{"image_generator_settings":{"template":"highway","enabled":false},"version":2}},"categories":[4],"tags":[],"class_list":{"0":"post-36793","1":"post","2":"type-post","3":"status-publish","4":"format-video","6":"category-actualidad","7":"post_format-post-format-video"},"jetpack_publicize_connections":[],"jetpack_sharing_enabled":true,"jetpack_featured_media_url":"","jetpack_shortlink":"https:\/\/wp.me\/p90W9F-9zr","_links":{"self":[{"href":"https:\/\/www.masrojo.com.ar\/home\/wp-json\/wp\/v2\/posts\/36793"}],"collection":[{"href":"https:\/\/www.masrojo.com.ar\/home\/wp-json\/wp\/v2\/posts"}],"about":[{"href":"https:\/\/www.masrojo.com.ar\/home\/wp-json\/wp\/v2\/types\/post"}],"author":[{"embeddable":true,"href":"https:\/\/www.masrojo.com.ar\/home\/wp-json\/wp\/v2\/users\/6"}],"replies":[{"embeddable":true,"href":"https:\/\/www.masrojo.com.ar\/home\/wp-json\/wp\/v2\/comments?post=36793"}],"version-history":[{"count":1,"href":"https:\/\/www.masrojo.com.ar\/home\/wp-json\/wp\/v2\/posts\/36793\/revisions"}],"predecessor-version":[{"id":36799,"href":"https:\/\/www.masrojo.com.ar\/home\/wp-json\/wp\/v2\/posts\/36793\/revisions\/36799"}],"wp:attachment":[{"href":"https:\/\/www.masrojo.com.ar\/home\/wp-json\/wp\/v2\/media?parent=36793"}],"wp:term":[{"taxonomy":"category","embeddable":true,"href":"https:\/\/www.masrojo.com.ar\/home\/wp-json\/wp\/v2\/categories?post=36793"},{"taxonomy":"post_tag","embeddable":true,"href":"https:\/\/www.masrojo.com.ar\/home\/wp-json\/wp\/v2\/tags?post=36793"}],"curies":[{"name":"wp","href":"https:\/\/api.w.org\/{rel}","templated":true}]}}