{"id":36800,"date":"2020-01-29T17:20:14","date_gmt":"2020-01-29T20:20:14","guid":{"rendered":"https:\/\/www.masrojo.com.ar\/home\/?p=36800"},"modified":"2020-01-29T17:20:14","modified_gmt":"2020-01-29T20:20:14","slug":"pablo-perez-con-las-horas-contadas","status":"publish","type":"post","link":"https:\/\/www.masrojo.com.ar\/home\/2020\/01\/29\/pablo-perez-con-las-horas-contadas\/","title":{"rendered":"PABLO P\u00c9REZ CON LAS HORAS CONTADAS"},"content":{"rendered":"<p>Luego de los dichos del presidente del Rojo, Hugo Moyano, las partes se comunicaron y el final de ciclo podr\u00eda darse antes del fin de semana.<\/p>\n<p>Luego de que el presidente de Independiente, Hugo Moyano, pr\u00e1cticamente confirme que el mediocampista Pablo P\u00e9rez no continuar\u00eda en el Rojo, las partes se pusieron en contacto y estar\u00edan por arriba a un acuerdo para que el futbolista finalice su estad\u00eda en Avellaneda.<\/p>\n<p>SI bien no trascendi\u00f3 el monto, lo cierto es que todo indica que antes del fin de semana el volante dejar\u00e1 Avellaneda y se convertir\u00e1 en jugador libre.<\/p>\n<p>El ciclo de Pablo P\u00e9rez en Independiente comenz\u00f3 en enero de 2019, luego de rescindir su v\u00ednculo con Boca tras la derrota en la final de la Copa Libertadores ante River. En Avellaneda, supo disputar 30 encuentros entre Superliga y Copa Sudamericana y anot\u00f3 dos goles.<\/p>\n<p>Una vez que se confirme su salida, restar\u00e1 por verse si el futuro de P\u00e9rez estar\u00e1 en la Superliga o si, por el contrario, buscar\u00e1 un nuevo destino en el exterior. Quiz\u00e1s, su condici\u00f3n de libre despierte nuevamente el inter\u00e9s de Newell&#8217;s, equipo que coquete\u00f3 con la idea de concertar el regreso del mediocampista a la instituci\u00f3n que lo vio campe\u00f3n en 2013, pero que no logr\u00f3 llegar a un acuerdo.<\/p>\n","protected":false},"excerpt":{"rendered":"<div class=\"mh-excerpt\"><p>Luego de los dichos del presidente del Rojo, Hugo Moyano, las partes se comunicaron y el final de ciclo podr\u00eda darse antes del fin de semana. Luego de que el presidente de Independiente, Hugo Moyano, <a class=\"mh-excerpt-more\" href=\"https:\/\/www.masrojo.com.ar\/home\/2020\/01\/29\/pablo-perez-con-las-horas-contadas\/\" title=\"PABLO P\u00c9REZ CON LAS HORAS CONTADAS\">[&#8230;]<\/a><\/p>\n<\/div>","protected":false},"author":6,"featured_media":0,"comment_status":"closed","ping_status":"closed","sticky":false,"template":"","format":"image","meta":{"_jetpack_memberships_contains_paid_content":false,"footnotes":"","jetpack_publicize_message":"","jetpack_publicize_feature_enabled":true,"jetpack_social_post_already_shared":true,"jetpack_social_options":{"image_generator_settings":{"template":"highway","enabled":false},"version":2}},"categories":[4],"tags":[],"class_list":{"0":"post-36800","1":"post","2":"type-post","3":"status-publish","4":"format-image","6":"category-actualidad","7":"post_format-post-format-image"},"jetpack_publicize_connections":[],"jetpack_sharing_enabled":true,"jetpack_featured_media_url":"","jetpack_shortlink":"https:\/\/wp.me\/p90W9F-9zy","_links":{"self":[{"href":"https:\/\/www.masrojo.com.ar\/home\/wp-json\/wp\/v2\/posts\/36800"}],"collection":[{"href":"https:\/\/www.masrojo.com.ar\/home\/wp-json\/wp\/v2\/posts"}],"about":[{"href":"https:\/\/www.masrojo.com.ar\/home\/wp-json\/wp\/v2\/types\/post"}],"author":[{"embeddable":true,"href":"https:\/\/www.masrojo.com.ar\/home\/wp-json\/wp\/v2\/users\/6"}],"replies":[{"embeddable":true,"href":"https:\/\/www.masrojo.com.ar\/home\/wp-json\/wp\/v2\/comments?post=36800"}],"version-history":[{"count":1,"href":"https:\/\/www.masrojo.com.ar\/home\/wp-json\/wp\/v2\/posts\/36800\/revisions"}],"predecessor-version":[{"id":36806,"href":"https:\/\/www.masrojo.com.ar\/home\/wp-json\/wp\/v2\/posts\/36800\/revisions\/36806"}],"wp:attachment":[{"href":"https:\/\/www.masrojo.com.ar\/home\/wp-json\/wp\/v2\/media?parent=36800"}],"wp:term":[{"taxonomy":"category","embeddable":true,"href":"https:\/\/www.masrojo.com.ar\/home\/wp-json\/wp\/v2\/categories?post=36800"},{"taxonomy":"post_tag","embeddable":true,"href":"https:\/\/www.masrojo.com.ar\/home\/wp-json\/wp\/v2\/tags?post=36800"}],"curies":[{"name":"wp","href":"https:\/\/api.w.org\/{rel}","templated":true}]}}