{"id":36807,"date":"2020-01-31T07:46:13","date_gmt":"2020-01-31T10:46:13","guid":{"rendered":"https:\/\/www.masrojo.com.ar\/home\/?p=36807"},"modified":"2020-01-31T07:46:13","modified_gmt":"2020-01-31T10:46:13","slug":"el-descargo-de-pablo-perez-en-afa","status":"publish","type":"post","link":"https:\/\/www.masrojo.com.ar\/home\/2020\/01\/31\/el-descargo-de-pablo-perez-en-afa\/","title":{"rendered":"El descargo de Pablo P\u00e9rez en AFA"},"content":{"rendered":"<p>Pablo P\u00e9rez hizo su descargo en AFA<br \/>\nTal como lo indica el reglamento, el mediocampista de Independiente explic\u00f3 su la violenta entrada sobre Jorman Campuzano que le vali\u00f3 la roja en el cl\u00e1sico contra Boca.<\/p>\n<p>El mediocampista de Independiente, Pablo P\u00e9rez, se present\u00f3 este mi\u00e9rcoles en la Asociaci\u00f3n del F\u00fatbol Argentino para explicar su agresiva entrada contra Jorman Campuzano que le vali\u00f3 la roja directa frente a Boca en La Bombonera.<\/p>\n<p>La visita del jugador dur\u00f3 10 minutos, aproximadamente, y se retir\u00f3 sin hacer declaraciones a la prensa. Pero, \u00bfcu\u00e1l fue su descargo? Habr\u00eda reconocido que fue fuerte, pero que su intenci\u00f3n fue siempre disputar el bal\u00f3n, que pr\u00e1cticamente no hab\u00eda cometido faltas durante el partido y que las im\u00e1genes en la televisi\u00f3n muestran una acci\u00f3n m\u00e1s impactante de lo que en realidad fue.<\/p>\n<p><img data-recalc-dims=\"1\" loading=\"lazy\" decoding=\"async\" class=\"aligncenter\" src=\"https:\/\/i0.wp.com\/pbs.twimg.com\/media\/EPepaJuWoAQz8F3.jpg?resize=638%2C851&#038;ssl=1\" alt=\"Resultado de imagen para pablo perez afa\" width=\"638\" height=\"851\" \/><\/p>\n<p>Ahora, el ex M\u00e1laga deber\u00e1 esperar la decisi\u00f3n final del Tribunal de Disciplina, que eval\u00faa aplicarle entre dos o tres fechas de suspensi\u00f3n. Esto quiere decir que se perder\u00eda otra vez el cl\u00e1sico contra Racing, uno de los partidos m\u00e1s importantes del a\u00f1o.<\/p>\n<p>Sin embargo, este contexto ser\u00eda un mal menor para el club, ya que los dirigentes est\u00e1n negociando la rescisi\u00f3n del contrato del rosarino, quien ya estableci\u00f3 un monto y no recibi\u00f3 una contraoferta, por lo que qued\u00f3 demostrado, impl\u00edcitamente, que aceptaron ese monto y ahora les queda lo m\u00e1s importante: juntar la plata.<\/p>\n<p>Si la situaci\u00f3n se resuelve antes del viernes, d\u00eda en que cierra el libro de pases, P\u00e9rez, podr\u00e1 firmar con otro club, aunque deber\u00e1 cumplir s\u00ed o s\u00ed la sanci\u00f3n.<\/p>\n","protected":false},"excerpt":{"rendered":"<div class=\"mh-excerpt\"><p>Pablo P\u00e9rez hizo su descargo en AFA Tal como lo indica el reglamento, el mediocampista de Independiente explic\u00f3 su la violenta entrada sobre Jorman Campuzano que le vali\u00f3 la roja en el cl\u00e1sico contra Boca. <a class=\"mh-excerpt-more\" href=\"https:\/\/www.masrojo.com.ar\/home\/2020\/01\/31\/el-descargo-de-pablo-perez-en-afa\/\" title=\"El descargo de Pablo P\u00e9rez en AFA\">[&#8230;]<\/a><\/p>\n<\/div>","protected":false},"author":6,"featured_media":0,"comment_status":"closed","ping_status":"closed","sticky":false,"template":"","format":"image","meta":{"_jetpack_memberships_contains_paid_content":false,"footnotes":"","jetpack_publicize_message":"","jetpack_publicize_feature_enabled":true,"jetpack_social_post_already_shared":true,"jetpack_social_options":{"image_generator_settings":{"template":"highway","enabled":false},"version":2}},"categories":[4],"tags":[],"class_list":{"0":"post-36807","1":"post","2":"type-post","3":"status-publish","4":"format-image","6":"category-actualidad","7":"post_format-post-format-image"},"jetpack_publicize_connections":[],"jetpack_sharing_enabled":true,"jetpack_featured_media_url":"","jetpack_shortlink":"https:\/\/wp.me\/p90W9F-9zF","_links":{"self":[{"href":"https:\/\/www.masrojo.com.ar\/home\/wp-json\/wp\/v2\/posts\/36807"}],"collection":[{"href":"https:\/\/www.masrojo.com.ar\/home\/wp-json\/wp\/v2\/posts"}],"about":[{"href":"https:\/\/www.masrojo.com.ar\/home\/wp-json\/wp\/v2\/types\/post"}],"author":[{"embeddable":true,"href":"https:\/\/www.masrojo.com.ar\/home\/wp-json\/wp\/v2\/users\/6"}],"replies":[{"embeddable":true,"href":"https:\/\/www.masrojo.com.ar\/home\/wp-json\/wp\/v2\/comments?post=36807"}],"version-history":[{"count":1,"href":"https:\/\/www.masrojo.com.ar\/home\/wp-json\/wp\/v2\/posts\/36807\/revisions"}],"predecessor-version":[{"id":36813,"href":"https:\/\/www.masrojo.com.ar\/home\/wp-json\/wp\/v2\/posts\/36807\/revisions\/36813"}],"wp:attachment":[{"href":"https:\/\/www.masrojo.com.ar\/home\/wp-json\/wp\/v2\/media?parent=36807"}],"wp:term":[{"taxonomy":"category","embeddable":true,"href":"https:\/\/www.masrojo.com.ar\/home\/wp-json\/wp\/v2\/categories?post=36807"},{"taxonomy":"post_tag","embeddable":true,"href":"https:\/\/www.masrojo.com.ar\/home\/wp-json\/wp\/v2\/tags?post=36807"}],"curies":[{"name":"wp","href":"https:\/\/api.w.org\/{rel}","templated":true}]}}