{"id":37044,"date":"2020-02-04T21:46:44","date_gmt":"2020-02-05T00:46:44","guid":{"rendered":"https:\/\/www.masrojo.com.ar\/home\/?p=37044"},"modified":"2020-02-04T21:46:44","modified_gmt":"2020-02-05T00:46:44","slug":"con-la-mira-en-el-clasico","status":"publish","type":"post","link":"https:\/\/www.masrojo.com.ar\/home\/2020\/02\/04\/con-la-mira-en-el-clasico\/","title":{"rendered":"Con la mira en el cl\u00e1sico"},"content":{"rendered":"<p>El primer equipo de #<strong>Independiente<\/strong> contin\u00faa con los entrenamientos en el predio de Villa Dom\u00ednico, al mando de <b>Lucas Pusineri,<\/b> de cara al cl\u00e1sico del pr\u00f3ximo domingo frente a <b>Racing Club.<\/b><\/p>\n<p><span class=\"css-901oao css-16my406 r-1qd0xha r-ad9z0x r-bcqeeo r-qvutc0\">El plantel comenz\u00f3 la ma\u00f1ana con <strong>trabajos de neurociencia <\/strong><\/span>en campo. Continuaron con <strong>ejercicios f\u00edsicos<\/strong> en el gimnasio, luego realizaron <strong>posesi\u00f3n y circulaci\u00f3n<\/strong> de pelota, y finalizaron con <strong>movimientos t\u00e1cticos coordinados<\/strong>. Quienes practicaron de manera diferenciada fueron <strong>Pablo Hern\u00e1ndez, Gast\u00f3n Silva y Facundo Lando<\/strong>.<\/p>\n<p>El equipo volver\u00e1 a las pr\u00e1cticas ma\u00f1ana por la ma\u00f1ana en el predio de Villa Dom\u00ednico, a <strong>puertas cerradas<\/strong>.<\/p>\n<blockquote class=\"twitter-tweet\">\n<p dir=\"ltr\" lang=\"es\">El plantel comenz\u00f3 la ma\u00f1ana de entrenamiento con trabajos de neurociencia &#x1f60e;&#x1f3be;<a href=\"https:\/\/twitter.com\/hashtag\/TodoRojo?src=hash&amp;ref_src=twsrc%5Etfw\">#TodoRojo<\/a>&#x1f534; <a href=\"https:\/\/t.co\/hLrlz5KDwI\">pic.twitter.com\/hLrlz5KDwI<\/a><\/p>\n<p>\u2014 C. A. Independiente (@Independiente) <a href=\"https:\/\/twitter.com\/Independiente\/status\/1224679669565394944?ref_src=twsrc%5Etfw\">February 4, 2020<\/a><\/p><\/blockquote>\n<p><script async src=\"https:\/\/platform.twitter.com\/widgets.js\" charset=\"utf-8\"><\/script><\/p>\n<blockquote class=\"twitter-tweet\">\n<p dir=\"ltr\" lang=\"es\">Creer y construir, juntos. &#x1f4aa;&#x1f3fb;<a href=\"https:\/\/twitter.com\/hashtag\/TodoRojo?src=hash&amp;ref_src=twsrc%5Etfw\">#TodoRojo<\/a>&#x1f534; <a href=\"https:\/\/t.co\/P0NqF1oCkz\">pic.twitter.com\/P0NqF1oCkz<\/a><\/p>\n<p>\u2014 C. A. Independiente (@Independiente) <a href=\"https:\/\/twitter.com\/Independiente\/status\/1224809211000950784?ref_src=twsrc%5Etfw\">February 4, 2020<\/a><\/p><\/blockquote>\n<p><script async src=\"https:\/\/platform.twitter.com\/widgets.js\" charset=\"utf-8\"><\/script><\/p>\n","protected":false},"excerpt":{"rendered":"<div class=\"mh-excerpt\"><p>El primer equipo de #Independiente contin\u00faa con los entrenamientos en el predio de Villa Dom\u00ednico, al mando de Lucas Pusineri, de cara al cl\u00e1sico del pr\u00f3ximo domingo frente a Racing Club. El plantel comenz\u00f3 la <a class=\"mh-excerpt-more\" href=\"https:\/\/www.masrojo.com.ar\/home\/2020\/02\/04\/con-la-mira-en-el-clasico\/\" title=\"Con la mira en el cl\u00e1sico\">[&#8230;]<\/a><\/p>\n<\/div>","protected":false},"author":1,"featured_media":0,"comment_status":"closed","ping_status":"closed","sticky":false,"template":"","format":"standard","meta":{"_jetpack_memberships_contains_paid_content":false,"footnotes":"","jetpack_publicize_message":"","jetpack_publicize_feature_enabled":true,"jetpack_social_post_already_shared":true,"jetpack_social_options":{"image_generator_settings":{"template":"highway","enabled":false},"version":2}},"categories":[4],"tags":[130,78,27,931,915,17,525,387,930],"class_list":{"0":"post-37044","1":"post","2":"type-post","3":"status-publish","4":"format-standard","6":"category-actualidad","7":"tag-clasico","8":"tag-dominico","9":"tag-entrenamiento","10":"tag-facundo-lando","11":"tag-gasron-silva","12":"tag-independiente","13":"tag-pablo-hernandez","14":"tag-pusineri","15":"tag-racing-club"},"jetpack_publicize_connections":[],"jetpack_sharing_enabled":true,"jetpack_featured_media_url":"","jetpack_shortlink":"https:\/\/wp.me\/p90W9F-9Du","_links":{"self":[{"href":"https:\/\/www.masrojo.com.ar\/home\/wp-json\/wp\/v2\/posts\/37044"}],"collection":[{"href":"https:\/\/www.masrojo.com.ar\/home\/wp-json\/wp\/v2\/posts"}],"about":[{"href":"https:\/\/www.masrojo.com.ar\/home\/wp-json\/wp\/v2\/types\/post"}],"author":[{"embeddable":true,"href":"https:\/\/www.masrojo.com.ar\/home\/wp-json\/wp\/v2\/users\/1"}],"replies":[{"embeddable":true,"href":"https:\/\/www.masrojo.com.ar\/home\/wp-json\/wp\/v2\/comments?post=37044"}],"version-history":[{"count":2,"href":"https:\/\/www.masrojo.com.ar\/home\/wp-json\/wp\/v2\/posts\/37044\/revisions"}],"predecessor-version":[{"id":37052,"href":"https:\/\/www.masrojo.com.ar\/home\/wp-json\/wp\/v2\/posts\/37044\/revisions\/37052"}],"wp:attachment":[{"href":"https:\/\/www.masrojo.com.ar\/home\/wp-json\/wp\/v2\/media?parent=37044"}],"wp:term":[{"taxonomy":"category","embeddable":true,"href":"https:\/\/www.masrojo.com.ar\/home\/wp-json\/wp\/v2\/categories?post=37044"},{"taxonomy":"post_tag","embeddable":true,"href":"https:\/\/www.masrojo.com.ar\/home\/wp-json\/wp\/v2\/tags?post=37044"}],"curies":[{"name":"wp","href":"https:\/\/api.w.org\/{rel}","templated":true}]}}