{"id":37053,"date":"2020-02-05T13:00:09","date_gmt":"2020-02-05T16:00:09","guid":{"rendered":"https:\/\/www.masrojo.com.ar\/home\/?p=37053"},"modified":"2020-02-05T13:00:09","modified_gmt":"2020-02-05T16:00:09","slug":"carisma-temperamento-y-confianza-los-cambios-de-pusineri","status":"publish","type":"post","link":"https:\/\/www.masrojo.com.ar\/home\/2020\/02\/05\/carisma-temperamento-y-confianza-los-cambios-de-pusineri\/","title":{"rendered":"Carisma, temperamento y confianza: los cambios de Pusineri"},"content":{"rendered":"<p class=\"capital\" style=\"text-align: justify;\">De pronto, cuando pr\u00e1cticamente nadie lo esperaba, la moneda se dio vuelta en el aire y cay\u00f3 de cara. <b>Independiente<\/b>\u00a0complet\u00f3 una semana fren\u00e9tica, que hab\u00eda comenzado con una actuaci\u00f3n convincente ante Boca, sigui\u00f3 con la \u00abnovela\u00bb de Pablo P\u00e9rez, se prolong\u00f3 en el cierre de un traum\u00e1tico mercado de pases, y culmin\u00f3 con una\u00a0actuaci\u00f3n espl\u00e9ndida ante Rosario Central y una goleada como hace tiempo no se recordaba en la vereda roja de Avellaneda.<\/p>\n<p style=\"text-align: justify;\">La salida del sol despu\u00e9s de una tormenta que atraves\u00f3 todas las \u00e1reas del club, exponiendo contradicciones y oscureciendo el horizonte, ilumin\u00f3 una figura por sobre todas las dem\u00e1s. No hay dudas:\u00a0<b>Lucas Pusineri<\/b>\u00a0fue el gran triunfador del maremoto que sacudi\u00f3 al Rey de Copas. Ejerci\u00f3 de manager y de director t\u00e9cnico a la vez, defendi\u00f3 sus ideas y mejor\u00f3 las prestaciones del equipo sin modificar ni un mil\u00edmetro su mirada a largo plazo. Su volantazo a tiempo permite avizorar el cl\u00e1sico ante Racing con una tranquilidad impensada hace apenas unos d\u00edas.<\/p>\n<div id=\"sc_intxt_container\" style=\"text-align: justify;\">\n<div>\n<div id=\"smartIntxt-39207748\" data-smartplay-instance-id=\"0\"><\/div>\n<div id=\"sc_ava_companion\" class=\"sc_intxt_hided\">\u00abIremos con mesura, sacrificio y orgullo a representar la historia de Independiente\u00bb. Hab\u00edan pasado menos de 48 horas del 5-0 a Rosario Central, y de cara al duelo del pr\u00f3ximo domingo en el Cilindro, el entrenador del Rojo realiz\u00f3 sus \u00fanicas declaraciones de la semana manteniendo la l\u00ednea habitual.<\/div>\n<\/div>\n<\/div>\n<p style=\"text-align: justify;\">Desde que inici\u00f3 su etapa como t\u00e9cnico en el club, Pusineri se ha empe\u00f1ado en repetir una serie de pautas de conducta. Reclama compromiso absoluto; ofrece seriedad, positivismo y cautela. El s\u00e1bado pasado consigui\u00f3 regalarle una sonrisa a los hinchas pero el \u00e9xito no le modific\u00f3 el discurso. \u00abLo \u00fanico que pretendo es dejar una buena imagen, tanto en las victorias como en las derrotas\u00bb, dice casi como un mantra en cada encuentro con la prensa. La semana anterior, adem\u00e1s, tuvo un trabajo extra.<\/p>\n<p style=\"text-align: justify;\">La dirigencia que encabeza Hugo Moyano lleva varios meses d\u00e1ndole vuelta a la idea de sumar un manager general al organigrama de la instituci\u00f3n sin llegar a concretarla. En un pu\u00f1ado de d\u00edas, Pusineri se encarg\u00f3 de demostrar la utilidad que puede tener una persona que ocupe ese lugar. Primero, y mientras el presidente sentenciaba la continuidad de Pablo P\u00e9rez, el t\u00e9cnico manifest\u00f3 su apoyo a la permanencia del volante en el plantel (ayer, en todo caso, volvi\u00f3 a abrirse la posibilidad de marcharse a Newell&#8217;s). Despu\u00e9s se encarg\u00f3 de desbaratar las gestiones por Federico Mancuello e Ignacio Piatti, porque no ve\u00eda preciso cubrir los puestos que ocupan. M\u00e1s tarde acept\u00f3 con resignaci\u00f3n y sin quejas que no llegara el N\u00b09 que hab\u00eda solicitado. Finalmente, y por si fuera poco, su equipo ense\u00f1\u00f3 en la cancha una imagen futbol\u00edstica casi olvidada.<\/p>\n<p style=\"text-align: justify;\">El juego, justamente, es el punto donde empieza a vislumbrarse la impronta que pretende darle Pusineri a esta dif\u00edcil etapa del Rojo. \u00abEstoy contento por el rendimiento, la actitud y la intensidad de los jugadores\u00bb, subray\u00f3 el t\u00e9cnico tras el partido frente a Central. El calendario le present\u00f3 a Independiente un p\u00f3ker temible en el comienzo del a\u00f1o. Hasta ahora los resultados marcan un equilibrio absoluto -ca\u00edda frente a River, empate en La Bombonera y victoria ante el Canalla rosarino- pero la evoluci\u00f3n resulta notable.<\/p>\n<p style=\"text-align: justify;\">A partir de una estructura sencilla y flexible seg\u00fan ataque o defienda, el equipo ha asumido el papel de humildad que muestra la tabla de posiciones. Extremos que se convierten en dobles laterales si hay que retroceder y laterales que lo compensan del otro lado; volantes que suben y bajan en bloque; delanteros que salen y entran para ser opciones de pase. Todo sin escatimar esfuerzos ni gotas de sudor. Las distracciones defensivas lo condenaron a la derrota frente a un River superior, la falta de acierto rematador le impidi\u00f3 festejar ante Boca, un gol en la primera llegada le abri\u00f3 las puertas de la alegr\u00eda, el s\u00e1bado pasado.<\/p>\n<p style=\"text-align: justify;\">Racing es la \u00faltima etapa de ese p\u00f3quer que se est\u00e1 jugando el Independiente de Pusineri. La afronta en medio de un clima de seguridad que no estaba en los c\u00e1lculos. \u00abLlegamos con un equipo que est\u00e1 bien y quiere estar mejor\u00bb, asegura el t\u00e9cnico. Lo hace sin levantar la voz. Sabe muy bien que nada est\u00e1 m\u00e1s loco que el tiempo en el d\u00eda a d\u00eda del f\u00fatbol argentino.\u00df<\/p>\n<div id=\"middle_teadstag_tab\" class=\"banner middle-3 b-desktop\" style=\"text-align: justify;\"><\/div>\n<div id=\"middle_teadstag_mob\" class=\"banner middle-3 b-desktop\" style=\"text-align: justify;\"><\/div>\n<div class=\"firma\" style=\"text-align: justify;\">Por:\u00a0Rodolfo Chisleanschi &#8211; LA NACI\u00d3N<\/div>\n","protected":false},"excerpt":{"rendered":"<div class=\"mh-excerpt\"><p>De pronto, cuando pr\u00e1cticamente nadie lo esperaba, la moneda se dio vuelta en el aire y cay\u00f3 de cara. Independiente\u00a0complet\u00f3 una semana fren\u00e9tica, que hab\u00eda comenzado con una actuaci\u00f3n convincente ante Boca, sigui\u00f3 con la <a class=\"mh-excerpt-more\" href=\"https:\/\/www.masrojo.com.ar\/home\/2020\/02\/05\/carisma-temperamento-y-confianza-los-cambios-de-pusineri\/\" title=\"Carisma, temperamento y confianza: los cambios de Pusineri\">[&#8230;]<\/a><\/p>\n<\/div>","protected":false},"author":6,"featured_media":0,"comment_status":"closed","ping_status":"closed","sticky":false,"template":"","format":"image","meta":{"_jetpack_memberships_contains_paid_content":false,"footnotes":"","jetpack_publicize_message":"","jetpack_publicize_feature_enabled":true,"jetpack_social_post_already_shared":true,"jetpack_social_options":{"image_generator_settings":{"template":"highway","enabled":false},"version":2}},"categories":[4],"tags":[],"class_list":{"0":"post-37053","1":"post","2":"type-post","3":"status-publish","4":"format-image","6":"category-actualidad","7":"post_format-post-format-image"},"jetpack_publicize_connections":[],"jetpack_sharing_enabled":true,"jetpack_featured_media_url":"","jetpack_shortlink":"https:\/\/wp.me\/p90W9F-9DD","_links":{"self":[{"href":"https:\/\/www.masrojo.com.ar\/home\/wp-json\/wp\/v2\/posts\/37053"}],"collection":[{"href":"https:\/\/www.masrojo.com.ar\/home\/wp-json\/wp\/v2\/posts"}],"about":[{"href":"https:\/\/www.masrojo.com.ar\/home\/wp-json\/wp\/v2\/types\/post"}],"author":[{"embeddable":true,"href":"https:\/\/www.masrojo.com.ar\/home\/wp-json\/wp\/v2\/users\/6"}],"replies":[{"embeddable":true,"href":"https:\/\/www.masrojo.com.ar\/home\/wp-json\/wp\/v2\/comments?post=37053"}],"version-history":[{"count":1,"href":"https:\/\/www.masrojo.com.ar\/home\/wp-json\/wp\/v2\/posts\/37053\/revisions"}],"predecessor-version":[{"id":37059,"href":"https:\/\/www.masrojo.com.ar\/home\/wp-json\/wp\/v2\/posts\/37053\/revisions\/37059"}],"wp:attachment":[{"href":"https:\/\/www.masrojo.com.ar\/home\/wp-json\/wp\/v2\/media?parent=37053"}],"wp:term":[{"taxonomy":"category","embeddable":true,"href":"https:\/\/www.masrojo.com.ar\/home\/wp-json\/wp\/v2\/categories?post=37053"},{"taxonomy":"post_tag","embeddable":true,"href":"https:\/\/www.masrojo.com.ar\/home\/wp-json\/wp\/v2\/tags?post=37053"}],"curies":[{"name":"wp","href":"https:\/\/api.w.org\/{rel}","templated":true}]}}