{"id":37083,"date":"2020-02-06T12:23:59","date_gmt":"2020-02-06T15:23:59","guid":{"rendered":"https:\/\/www.masrojo.com.ar\/home\/?p=37083"},"modified":"2020-02-06T12:23:59","modified_gmt":"2020-02-06T15:23:59","slug":"arbitro-para-el-debut-en-la-sudamericana","status":"publish","type":"post","link":"https:\/\/www.masrojo.com.ar\/home\/2020\/02\/06\/arbitro-para-el-debut-en-la-sudamericana\/","title":{"rendered":"\u00c1rbitro para el debut en la Sudamericana"},"content":{"rendered":"<p style=\"text-align: justify;\">El colombiano <strong>Wilmar Rold\u00e1n<\/strong> ser\u00e1 el<strong> juez<\/strong> principal en el debut de <strong>Independiente en la Copa Sudamericana.<\/strong><\/p>\n<p>El Rey de Copas debutar\u00e1 el<strong> jueves 13 de febrero<\/strong> como local en el Libertadores de Am\u00e9rica recibiendo a <strong>Fortaleza<\/strong> de Brasil. Quien dar\u00e1 el pitazo inicial a las 21.30 ser\u00e1 entonces, designado por <strong>CONMEBOL<\/strong>, Wilmar Rold\u00e1n.<\/p>\n","protected":false},"excerpt":{"rendered":"<div class=\"mh-excerpt\"><p>El colombiano Wilmar Rold\u00e1n ser\u00e1 el juez principal en el debut de Independiente en la Copa Sudamericana. El Rey de Copas debutar\u00e1 el jueves 13 de febrero como local en el Libertadores de Am\u00e9rica recibiendo <a class=\"mh-excerpt-more\" href=\"https:\/\/www.masrojo.com.ar\/home\/2020\/02\/06\/arbitro-para-el-debut-en-la-sudamericana\/\" title=\"\u00c1rbitro para el debut en la Sudamericana\">[&#8230;]<\/a><\/p>\n<\/div>","protected":false},"author":4,"featured_media":0,"comment_status":"closed","ping_status":"closed","sticky":false,"template":"","format":"image","meta":{"_jetpack_memberships_contains_paid_content":false,"footnotes":"","jetpack_publicize_message":"#Independiente | \u00c1rbitro para el debut en la Sudamericana","jetpack_publicize_feature_enabled":true,"jetpack_social_post_already_shared":true,"jetpack_social_options":{"image_generator_settings":{"template":"highway","enabled":false},"version":2}},"categories":[4],"tags":[31,58,21,932],"class_list":{"0":"post-37083","1":"post","2":"type-post","3":"status-publish","4":"format-image","6":"category-actualidad","7":"tag-arbitro","8":"tag-conmebol","9":"tag-copa-sudamericana","10":"tag-wilmar-roldan","11":"post_format-post-format-image"},"jetpack_publicize_connections":[],"jetpack_sharing_enabled":true,"jetpack_featured_media_url":"","jetpack_shortlink":"https:\/\/wp.me\/p90W9F-9E7","_links":{"self":[{"href":"https:\/\/www.masrojo.com.ar\/home\/wp-json\/wp\/v2\/posts\/37083"}],"collection":[{"href":"https:\/\/www.masrojo.com.ar\/home\/wp-json\/wp\/v2\/posts"}],"about":[{"href":"https:\/\/www.masrojo.com.ar\/home\/wp-json\/wp\/v2\/types\/post"}],"author":[{"embeddable":true,"href":"https:\/\/www.masrojo.com.ar\/home\/wp-json\/wp\/v2\/users\/4"}],"replies":[{"embeddable":true,"href":"https:\/\/www.masrojo.com.ar\/home\/wp-json\/wp\/v2\/comments?post=37083"}],"version-history":[{"count":1,"href":"https:\/\/www.masrojo.com.ar\/home\/wp-json\/wp\/v2\/posts\/37083\/revisions"}],"predecessor-version":[{"id":37090,"href":"https:\/\/www.masrojo.com.ar\/home\/wp-json\/wp\/v2\/posts\/37083\/revisions\/37090"}],"wp:attachment":[{"href":"https:\/\/www.masrojo.com.ar\/home\/wp-json\/wp\/v2\/media?parent=37083"}],"wp:term":[{"taxonomy":"category","embeddable":true,"href":"https:\/\/www.masrojo.com.ar\/home\/wp-json\/wp\/v2\/categories?post=37083"},{"taxonomy":"post_tag","embeddable":true,"href":"https:\/\/www.masrojo.com.ar\/home\/wp-json\/wp\/v2\/tags?post=37083"}],"curies":[{"name":"wp","href":"https:\/\/api.w.org\/{rel}","templated":true}]}}