{"id":37098,"date":"2020-02-06T22:04:21","date_gmt":"2020-02-07T01:04:21","guid":{"rendered":"https:\/\/www.masrojo.com.ar\/home\/?p=37098"},"modified":"2020-02-06T22:04:21","modified_gmt":"2020-02-07T01:04:21","slug":"arranco-el-ano-para-los-mas-chicos","status":"publish","type":"post","link":"https:\/\/www.masrojo.com.ar\/home\/2020\/02\/06\/arranco-el-ano-para-los-mas-chicos\/","title":{"rendered":"Arranc\u00f3 el a\u00f1o para los m\u00e1s chicos"},"content":{"rendered":"<p>Los Infantiles de Independiente arrancaron la pretemporada en el predio de Villa Dom\u00ednico (ya que en Wilde est\u00e1 la temporada de pileta). Los chicos est\u00e1n bajo la Coordinaci\u00f3n de Santiago Rodr\u00edguez.<\/p>\n<p>Los t\u00e9cnicos de las categor\u00edas que competir\u00e1n en el torneo de AFA ser\u00e1n los mismos que el a\u00f1o anterior, donde el Rojo qued\u00f3 cuarto en la sumatoria de la tabla general. Alejandro Yonadi tendr\u00e1 a su cargo la 2010, Ermerson Panigutti la 2009, Silvio Araujo la 2008 y Luciano Bellera la 2007. Los preparadores f\u00edsicos ser\u00e1n Mauro Benavente y Maximiliano S\u00e1, mientras que Dami\u00e1n Trucco estar\u00e1 al mando de los Pre-infantiles.<\/p>\n<p>Previo al comienzo de la competencia oficial, disputar\u00e1n dos amistosos. El domingo 16 de febrero jugar\u00e1n frente a Lan\u00fas y una semana despu\u00e9s el rival ser\u00e1 V\u00e9lez.<\/p>\n","protected":false},"excerpt":{"rendered":"<div class=\"mh-excerpt\"><p>Los Infantiles de Independiente arrancaron la pretemporada en el predio de Villa Dom\u00ednico (ya que en Wilde est\u00e1 la temporada de pileta). Los chicos est\u00e1n bajo la Coordinaci\u00f3n de Santiago Rodr\u00edguez. Los t\u00e9cnicos de las <a class=\"mh-excerpt-more\" href=\"https:\/\/www.masrojo.com.ar\/home\/2020\/02\/06\/arranco-el-ano-para-los-mas-chicos\/\" title=\"Arranc\u00f3 el a\u00f1o para los m\u00e1s chicos\">[&#8230;]<\/a><\/p>\n<\/div>","protected":false},"author":1,"featured_media":0,"comment_status":"closed","ping_status":"closed","sticky":false,"template":"","format":"standard","meta":{"_jetpack_memberships_contains_paid_content":false,"footnotes":"","jetpack_publicize_message":"","jetpack_publicize_feature_enabled":true,"jetpack_social_post_already_shared":true,"jetpack_social_options":{"image_generator_settings":{"template":"highway","enabled":false},"version":2}},"categories":[4,16],"tags":[282,933,17,712,201,69,47,773],"class_list":{"0":"post-37098","1":"post","2":"type-post","3":"status-publish","4":"format-standard","6":"category-actualidad","7":"category-inferiores","8":"tag-banfield","9":"tag-chicos","10":"tag-independiente","11":"tag-juveniles","12":"tag-pretemporada","13":"tag-velez","14":"tag-villa-dominico","15":"tag-wilde"},"jetpack_publicize_connections":[],"jetpack_sharing_enabled":true,"jetpack_featured_media_url":"","jetpack_shortlink":"https:\/\/wp.me\/p90W9F-9Em","_links":{"self":[{"href":"https:\/\/www.masrojo.com.ar\/home\/wp-json\/wp\/v2\/posts\/37098"}],"collection":[{"href":"https:\/\/www.masrojo.com.ar\/home\/wp-json\/wp\/v2\/posts"}],"about":[{"href":"https:\/\/www.masrojo.com.ar\/home\/wp-json\/wp\/v2\/types\/post"}],"author":[{"embeddable":true,"href":"https:\/\/www.masrojo.com.ar\/home\/wp-json\/wp\/v2\/users\/1"}],"replies":[{"embeddable":true,"href":"https:\/\/www.masrojo.com.ar\/home\/wp-json\/wp\/v2\/comments?post=37098"}],"version-history":[{"count":1,"href":"https:\/\/www.masrojo.com.ar\/home\/wp-json\/wp\/v2\/posts\/37098\/revisions"}],"predecessor-version":[{"id":37100,"href":"https:\/\/www.masrojo.com.ar\/home\/wp-json\/wp\/v2\/posts\/37098\/revisions\/37100"}],"wp:attachment":[{"href":"https:\/\/www.masrojo.com.ar\/home\/wp-json\/wp\/v2\/media?parent=37098"}],"wp:term":[{"taxonomy":"category","embeddable":true,"href":"https:\/\/www.masrojo.com.ar\/home\/wp-json\/wp\/v2\/categories?post=37098"},{"taxonomy":"post_tag","embeddable":true,"href":"https:\/\/www.masrojo.com.ar\/home\/wp-json\/wp\/v2\/tags?post=37098"}],"curies":[{"name":"wp","href":"https:\/\/api.w.org\/{rel}","templated":true}]}}