{"id":37121,"date":"2020-02-07T11:48:32","date_gmt":"2020-02-07T14:48:32","guid":{"rendered":"https:\/\/www.masrojo.com.ar\/home\/?p=37121"},"modified":"2020-02-07T11:48:32","modified_gmt":"2020-02-07T14:48:32","slug":"fin-de-la-novela","status":"publish","type":"post","link":"https:\/\/www.masrojo.com.ar\/home\/2020\/02\/07\/fin-de-la-novela\/","title":{"rendered":"FIN DE LA NOVELA"},"content":{"rendered":"<p style=\"text-align: justify;\">Fin de la novela: Pablo P\u00e9rez rescindi\u00f3 con Independiente y arregl\u00f3 su llegada a Newell\u2019s. El mediocampista de 35 a\u00f1os cort\u00f3 su contrato con el Rojo y se convirti\u00f3 en jugador de la Lepra.<\/p>\n<p style=\"text-align: justify;\">Sobre el cierre del mercado de pases Pablo P\u00e9rez rescindi\u00f3 el v\u00ednculo que ten\u00eda con Independiente (hasta mediados de 2021) y se incorpora a Newell\u2019s, equipo donde se form\u00f3 futbol\u00edsticamente y del cual es confeso hincha. En las \u00faltimas horas su representante rubric\u00f3 el acuerdo con el Rojo para cortar su v\u00ednculo y la entidad rosarina le abri\u00f3 las puertas.<\/p>\n<p style=\"text-align: justify;\">Despu\u00e9s de muchos idas y vueltas, el mediocampista de 34 a\u00f1os intentar\u00e1 reconvertirse en el Parque Independencia, donde fue campe\u00f3n de la mano del Tata Martino en 2013. Ahora tendr\u00e1 a otro entrenador conocido para \u00e9l, ya que Frank Kudelka lo dirigi\u00f3 en Uni\u00f3n de Santa Fe y juntos ascendieron a Primera en la temporada 2010\/2011.<\/p>\n<p style=\"text-align: justify;\">Finalmente el partido en la Bombonera de hace dos fines de semana fue el \u00faltimo para P\u00e9rez con la camiseta de Independiente: era una de las figuras del match hasta que vio la roja por un fuerte planchazo al colombiano Jorman Campuzano.<\/p>\n<p style=\"text-align: justify;\">Esta acci\u00f3n gener\u00f3 un serio malestar en la c\u00fapula dirigencial de la instituci\u00f3n de Avellaneda, que inmediatamente pens\u00f3 en tomar medidas respecto a su continuidad. De hecho Hugo Moyano hab\u00eda anticipado que el volante que tambi\u00e9n jug\u00f3 en Boca cruzar\u00eda la puerta de salida en el actual mercado de pases. De hecho hasta algunos rumores lo vincularon como posible nueva cara en River, algo desmentido m\u00e1s tarde por Marcelo Gallardo.<\/p>\n<p style=\"text-align: justify;\">Pablo P\u00e9rez jugando para Newell&#8217;s ante Boca por un partido de la Libertadores 2013 (Fotobaires)<br \/>\nPablo P\u00e9rez jugando para Newell&#8217;s ante Boca por un partido de la Libertadores 2013 (Fotobaires)<br \/>\nPese a estar suspendido por la expulsi\u00f3n, PP8 se hab\u00eda hecho presente en el estadio Libertadores de Am\u00e9rica en el 5-0 del elenco conducido por Lucas Pusineri frente a Rosario Central por la Superliga: observ\u00f3 la acci\u00f3n desde la tribuna.<\/p>\n","protected":false},"excerpt":{"rendered":"<div class=\"mh-excerpt\"><p>Fin de la novela: Pablo P\u00e9rez rescindi\u00f3 con Independiente y arregl\u00f3 su llegada a Newell\u2019s. El mediocampista de 35 a\u00f1os cort\u00f3 su contrato con el Rojo y se convirti\u00f3 en jugador de la Lepra. Sobre <a class=\"mh-excerpt-more\" href=\"https:\/\/www.masrojo.com.ar\/home\/2020\/02\/07\/fin-de-la-novela\/\" title=\"FIN DE LA NOVELA\">[&#8230;]<\/a><\/p>\n<\/div>","protected":false},"author":6,"featured_media":0,"comment_status":"closed","ping_status":"closed","sticky":false,"template":"","format":"image","meta":{"_jetpack_memberships_contains_paid_content":false,"footnotes":"","jetpack_publicize_message":"","jetpack_publicize_feature_enabled":true,"jetpack_social_post_already_shared":true,"jetpack_social_options":{"image_generator_settings":{"template":"highway","enabled":false},"version":2}},"categories":[4],"tags":[],"class_list":{"0":"post-37121","1":"post","2":"type-post","3":"status-publish","4":"format-image","6":"category-actualidad","7":"post_format-post-format-image"},"jetpack_publicize_connections":[],"jetpack_sharing_enabled":true,"jetpack_featured_media_url":"","jetpack_shortlink":"https:\/\/wp.me\/p90W9F-9EJ","_links":{"self":[{"href":"https:\/\/www.masrojo.com.ar\/home\/wp-json\/wp\/v2\/posts\/37121"}],"collection":[{"href":"https:\/\/www.masrojo.com.ar\/home\/wp-json\/wp\/v2\/posts"}],"about":[{"href":"https:\/\/www.masrojo.com.ar\/home\/wp-json\/wp\/v2\/types\/post"}],"author":[{"embeddable":true,"href":"https:\/\/www.masrojo.com.ar\/home\/wp-json\/wp\/v2\/users\/6"}],"replies":[{"embeddable":true,"href":"https:\/\/www.masrojo.com.ar\/home\/wp-json\/wp\/v2\/comments?post=37121"}],"version-history":[{"count":1,"href":"https:\/\/www.masrojo.com.ar\/home\/wp-json\/wp\/v2\/posts\/37121\/revisions"}],"predecessor-version":[{"id":37127,"href":"https:\/\/www.masrojo.com.ar\/home\/wp-json\/wp\/v2\/posts\/37121\/revisions\/37127"}],"wp:attachment":[{"href":"https:\/\/www.masrojo.com.ar\/home\/wp-json\/wp\/v2\/media?parent=37121"}],"wp:term":[{"taxonomy":"category","embeddable":true,"href":"https:\/\/www.masrojo.com.ar\/home\/wp-json\/wp\/v2\/categories?post=37121"},{"taxonomy":"post_tag","embeddable":true,"href":"https:\/\/www.masrojo.com.ar\/home\/wp-json\/wp\/v2\/tags?post=37121"}],"curies":[{"name":"wp","href":"https:\/\/api.w.org\/{rel}","templated":true}]}}