{"id":37142,"date":"2020-02-07T16:39:55","date_gmt":"2020-02-07T19:39:55","guid":{"rendered":"https:\/\/www.masrojo.com.ar\/home\/?p=37142"},"modified":"2020-02-07T16:39:55","modified_gmt":"2020-02-07T19:39:55","slug":"estamos-comprometidos-con-optimismo","status":"publish","type":"post","link":"https:\/\/www.masrojo.com.ar\/home\/2020\/02\/07\/estamos-comprometidos-con-optimismo\/","title":{"rendered":"\u00abEstamos comprometidos, con optimismo\u00bb"},"content":{"rendered":"<p>El entrenador de Independiente habl\u00f3 en conferencia de prensa en la previa del cl\u00e1sico ante Racing y confirm\u00f3 que jugar\u00e1n los mismos que vienen de golear a Central.<\/p>\n<p>\u201cTuvimos una semana tranquila que nos permite llegar con confianza. Estamos comprometidos, con optimismo. Los cl\u00e1sicos son partidos que quedan en la retina de la gente y en la historia. Queremos darle una alegr\u00eda a nuestros hinchas\u201d , expres\u00f3 el entrenador del Rojo.<\/p>\n<p>Y agreg\u00f3: \u201cSiempre intentamos respetar la idea del club, que es salir a ganar en todos lados, l\u00f3gicamente a veces sale y a veces no pero la predisposici\u00f3n es la mejor. Quiero que seamos superiores en toda la cancha\u201d.<\/p>\n<p>\u201cSon 90 minutos en los que se sienten abruptamente con la adrenalina de tanta magnitud. Me hubiese gustado que haya visitantes. El equipo est\u00e1 claro. Intentaremos lograr esa supremac\u00eda en el partido\u201d, cerr\u00f3.<\/p>\n<blockquote class=\"twitter-tweet\">\n<p lang=\"es\" dir=\"ltr\">&quot;VAMOS A NECESITAR DE TODO EL PLANTEL&quot;<a href=\"https:\/\/twitter.com\/hashtag\/AgendaFOX?src=hash&amp;ref_src=twsrc%5Etfw\">#AgendaFOX<\/a> | Lucas Pusineri habl\u00f3 sobre la recta final de la <a href=\"https:\/\/twitter.com\/hashtag\/SuperligaxFOX?src=hash&amp;ref_src=twsrc%5Etfw\">#SuperligaxFOX<\/a>. <a href=\"https:\/\/t.co\/gQeUljS3Jj\">pic.twitter.com\/gQeUljS3Jj<\/a><\/p>\n<p>&mdash; FOX Sports Argentina (@FOXSportsArg) <a href=\"https:\/\/twitter.com\/FOXSportsArg\/status\/1225799798760132609?ref_src=twsrc%5Etfw\">February 7, 2020<\/a><\/p><\/blockquote>\n<p> <script async src=\"https:\/\/platform.twitter.com\/widgets.js\" charset=\"utf-8\"><\/script><\/p>\n<blockquote class=\"twitter-tweet\">\n<p lang=\"es\" dir=\"ltr\">&quot;VEO CON MUCHO OPTIMISMO LA CONFIANZA DE MIS JUGADORES&quot;<a href=\"https:\/\/twitter.com\/hashtag\/AgendaFOX?src=hash&amp;ref_src=twsrc%5Etfw\">#AgendaFOX<\/a> | El entrenador de Independiente, Lucas Pusineri, analiz\u00f3 el pr\u00f3ximo duelo en el cl\u00e1sico ante Racing. <a href=\"https:\/\/t.co\/SsBgJsMvVC\">pic.twitter.com\/SsBgJsMvVC<\/a><\/p>\n<p>&mdash; FOX Sports Argentina (@FOXSportsArg) <a href=\"https:\/\/twitter.com\/FOXSportsArg\/status\/1225801337939615745?ref_src=twsrc%5Etfw\">February 7, 2020<\/a><\/p><\/blockquote>\n<p> <script async src=\"https:\/\/platform.twitter.com\/widgets.js\" charset=\"utf-8\"><\/script><\/p>\n","protected":false},"excerpt":{"rendered":"<div class=\"mh-excerpt\"><p>El entrenador de Independiente habl\u00f3 en conferencia de prensa en la previa del cl\u00e1sico ante Racing y confirm\u00f3 que jugar\u00e1n los mismos que vienen de golear a Central. \u201cTuvimos una semana tranquila que nos permite <a class=\"mh-excerpt-more\" href=\"https:\/\/www.masrojo.com.ar\/home\/2020\/02\/07\/estamos-comprometidos-con-optimismo\/\" title=\"\u00abEstamos comprometidos, con optimismo\u00bb\">[&#8230;]<\/a><\/p>\n<\/div>","protected":false},"author":6,"featured_media":0,"comment_status":"closed","ping_status":"closed","sticky":false,"template":"","format":"video","meta":{"_jetpack_memberships_contains_paid_content":false,"footnotes":"","jetpack_publicize_message":"","jetpack_publicize_feature_enabled":true,"jetpack_social_post_already_shared":true,"jetpack_social_options":{"image_generator_settings":{"template":"highway","enabled":false},"version":2}},"categories":[4],"tags":[],"class_list":{"0":"post-37142","1":"post","2":"type-post","3":"status-publish","4":"format-video","6":"category-actualidad","7":"post_format-post-format-video"},"jetpack_publicize_connections":[],"jetpack_sharing_enabled":true,"jetpack_featured_media_url":"","jetpack_shortlink":"https:\/\/wp.me\/p90W9F-9F4","_links":{"self":[{"href":"https:\/\/www.masrojo.com.ar\/home\/wp-json\/wp\/v2\/posts\/37142"}],"collection":[{"href":"https:\/\/www.masrojo.com.ar\/home\/wp-json\/wp\/v2\/posts"}],"about":[{"href":"https:\/\/www.masrojo.com.ar\/home\/wp-json\/wp\/v2\/types\/post"}],"author":[{"embeddable":true,"href":"https:\/\/www.masrojo.com.ar\/home\/wp-json\/wp\/v2\/users\/6"}],"replies":[{"embeddable":true,"href":"https:\/\/www.masrojo.com.ar\/home\/wp-json\/wp\/v2\/comments?post=37142"}],"version-history":[{"count":1,"href":"https:\/\/www.masrojo.com.ar\/home\/wp-json\/wp\/v2\/posts\/37142\/revisions"}],"predecessor-version":[{"id":37148,"href":"https:\/\/www.masrojo.com.ar\/home\/wp-json\/wp\/v2\/posts\/37142\/revisions\/37148"}],"wp:attachment":[{"href":"https:\/\/www.masrojo.com.ar\/home\/wp-json\/wp\/v2\/media?parent=37142"}],"wp:term":[{"taxonomy":"category","embeddable":true,"href":"https:\/\/www.masrojo.com.ar\/home\/wp-json\/wp\/v2\/categories?post=37142"},{"taxonomy":"post_tag","embeddable":true,"href":"https:\/\/www.masrojo.com.ar\/home\/wp-json\/wp\/v2\/tags?post=37142"}],"curies":[{"name":"wp","href":"https:\/\/api.w.org\/{rel}","templated":true}]}}