{"id":37583,"date":"2020-02-18T20:00:31","date_gmt":"2020-02-18T23:00:31","guid":{"rendered":"https:\/\/www.masrojo.com.ar\/home\/?p=37583"},"modified":"2020-02-18T20:00:31","modified_gmt":"2020-02-18T23:00:31","slug":"gaston-silva-a-la-par-de-sus-companeros","status":"publish","type":"post","link":"https:\/\/www.masrojo.com.ar\/home\/2020\/02\/18\/gaston-silva-a-la-par-de-sus-companeros\/","title":{"rendered":"Gast\u00f3n Silva a la par de sus compa\u00f1eros"},"content":{"rendered":"<p>El primer equipo de #<strong>Independiente<\/strong> retorn\u00f3 a los entrenamientos en el predio de Villa Dom\u00ednico, luego del empate 1-1 ante Arsenal. El Rojo ya tiene la cabeza puesta en el compromiso del pr\u00f3ximo s\u00e1bado frente al <strong>Gimnasia y Esgrima La Plata<\/strong> de <strong>Diego Maradona<\/strong>.<\/p>\n<p>Los jugadores que enfrentaron a Arsenal hicieron <strong>ejercicios f\u00edsicos regenerativos<\/strong>. El resto del plantel comenz\u00f3 la pr\u00e1ctica en el <strong>gimnasio<\/strong> y luego realizaron <strong>trabajos t\u00e1cticos de resoluci\u00f3n individual y colectiva<\/strong>. Una de las buenas noticias, es que <strong>Gast\u00f3n Silva<\/strong> entren\u00f3 a la par de sus compa\u00f1eros. Quienes trabajaron de manera diferenciada fueron <strong>Mart\u00edn Ben\u00edtez<\/strong>, por una sobrecarga en el b\u00edceps femoral, y <strong>Pablo Hern\u00e1ndez<\/strong>, quien ya transita la <strong>\u00faltima etapa<\/strong> de rehabilitaci\u00f3n.<\/p>\n<p>Ma\u00f1ana a las 9.00 el plantel volver\u00e1 a entrenarse en <strong>Villa Dom\u00ednico,<\/strong> a puertas cerradas.<\/p>\n","protected":false},"excerpt":{"rendered":"<div class=\"mh-excerpt\"><p>El primer equipo de #Independiente retorn\u00f3 a los entrenamientos en el predio de Villa Dom\u00ednico, luego del empate 1-1 ante Arsenal. El Rojo ya tiene la cabeza puesta en el compromiso del pr\u00f3ximo s\u00e1bado frente <a class=\"mh-excerpt-more\" href=\"https:\/\/www.masrojo.com.ar\/home\/2020\/02\/18\/gaston-silva-a-la-par-de-sus-companeros\/\" title=\"Gast\u00f3n Silva a la par de sus compa\u00f1eros\">[&#8230;]<\/a><\/p>\n<\/div>","protected":false},"author":1,"featured_media":0,"comment_status":"closed","ping_status":"closed","sticky":false,"template":"","format":"standard","meta":{"_jetpack_memberships_contains_paid_content":false,"footnotes":"","jetpack_publicize_message":"","jetpack_publicize_feature_enabled":true,"jetpack_social_post_already_shared":true,"jetpack_social_options":{"image_generator_settings":{"template":"highway","enabled":false},"version":2}},"categories":[4],"tags":[160,937,27,488,213,17,280,525,47],"class_list":{"0":"post-37583","1":"post","2":"type-post","3":"status-publish","4":"format-standard","6":"category-actualidad","7":"tag-arsenal","8":"tag-diego-maradona","9":"tag-entrenamiento","10":"tag-gaston-silva","11":"tag-gimnasia","12":"tag-independiente","13":"tag-martin-benitez","14":"tag-pablo-hernandez","15":"tag-villa-dominico"},"jetpack_publicize_connections":[],"jetpack_sharing_enabled":true,"jetpack_featured_media_url":"","jetpack_shortlink":"https:\/\/wp.me\/p90W9F-9Mb","_links":{"self":[{"href":"https:\/\/www.masrojo.com.ar\/home\/wp-json\/wp\/v2\/posts\/37583"}],"collection":[{"href":"https:\/\/www.masrojo.com.ar\/home\/wp-json\/wp\/v2\/posts"}],"about":[{"href":"https:\/\/www.masrojo.com.ar\/home\/wp-json\/wp\/v2\/types\/post"}],"author":[{"embeddable":true,"href":"https:\/\/www.masrojo.com.ar\/home\/wp-json\/wp\/v2\/users\/1"}],"replies":[{"embeddable":true,"href":"https:\/\/www.masrojo.com.ar\/home\/wp-json\/wp\/v2\/comments?post=37583"}],"version-history":[{"count":1,"href":"https:\/\/www.masrojo.com.ar\/home\/wp-json\/wp\/v2\/posts\/37583\/revisions"}],"predecessor-version":[{"id":37585,"href":"https:\/\/www.masrojo.com.ar\/home\/wp-json\/wp\/v2\/posts\/37583\/revisions\/37585"}],"wp:attachment":[{"href":"https:\/\/www.masrojo.com.ar\/home\/wp-json\/wp\/v2\/media?parent=37583"}],"wp:term":[{"taxonomy":"category","embeddable":true,"href":"https:\/\/www.masrojo.com.ar\/home\/wp-json\/wp\/v2\/categories?post=37583"},{"taxonomy":"post_tag","embeddable":true,"href":"https:\/\/www.masrojo.com.ar\/home\/wp-json\/wp\/v2\/tags?post=37583"}],"curies":[{"name":"wp","href":"https:\/\/api.w.org\/{rel}","templated":true}]}}