{"id":37875,"date":"2020-02-26T22:37:13","date_gmt":"2020-02-27T01:37:13","guid":{"rendered":"https:\/\/www.masrojo.com.ar\/home\/?p=37875"},"modified":"2020-02-26T22:37:13","modified_gmt":"2020-02-27T01:37:13","slug":"martin-benitez-senti-que-le-estaba-haciendo-dano-al-club","status":"publish","type":"post","link":"https:\/\/www.masrojo.com.ar\/home\/2020\/02\/26\/martin-benitez-senti-que-le-estaba-haciendo-dano-al-club\/","title":{"rendered":"Mart\u00edn Ben\u00edtez: \u00abSent\u00ed que le estaba haciendo da\u00f1o al club\u00bb"},"content":{"rendered":"<p dir=\"ltr\" lang=\"es\"><strong>Mart\u00edn Ben\u00edtez<\/strong>, el ya ex jugador de Independiente, dialog\u00f3 con los colegas de <strong>Fox Sports Radio<\/strong> en donde se refiri\u00f3 a su salida del club. El misionero, que extendi\u00f3 su contrato con el Rojo hasta julio de 2022, jugar\u00e1 en el <strong>Club de Regatas Vasco da Gama<\/strong> a pr\u00e9stamo por un a\u00f1o. La opci\u00f3n de compra es de 4 millones de d\u00f3lares.<\/p>\n<p dir=\"ltr\" lang=\"es\">Para comenzar, Ben\u00edtez explic\u00f3 que fue lo que lo hizo tomar esta decisi\u00f3n: \u00abNo estaba teniendo mucho lugar en Independiente y se me dio esta oportunidad muy linda e importante\u00bb. Y luego expres\u00f3: \u201c<strong>Contra Fortaleza sal\u00ed silbado y me doli\u00f3 mucho. Sent\u00ed que le estaba haciendo da\u00f1o al club y me fui muy triste<\/strong>. Mi familia no pudo ir a la cancha porque el d\u00eda anterior hab\u00edan ido hinchas a exigirnos resultados. Todo se fue acumulando y tom\u00e9 esta decisi\u00f3n. La gente se la agarraba conmigo porque siempre ve\u00eda la misma cara. <strong>Sent\u00ed que mi relaci\u00f3n con el club estaba desgastada y ya no estaba disfrutando de jugar a la pelota<\/strong>\u201d.<\/p>\n<p dir=\"ltr\" lang=\"es\">Acerca de la oferta que lleg\u00f3 hace unos a\u00f1os del Galatasaray de Turqu\u00eda que finalmente fue rechazada, el delantero explic\u00f3 el por qu\u00e9: \u201c<strong>Yo estaba pasando un gran momento futbol\u00edsticamente<\/strong>. Pellegrino pidi\u00f3 que me quede y como yo pertenezco al club y <strong>soy un agradecido a Independiente<\/strong>, siempre estuve a disposici\u00f3n de las decisiones que tomaba el club\u201d.<\/p>\n<p dir=\"ltr\" lang=\"es\">En cuanto a las decisiones del DT, Lucas Pusineri, de no considerarlo entre los titulares, el misionero coment\u00f3: \u201cMe dijo que no estaba en sus planes en principio, que me iba a evaluar. Yo estaba hace varios a\u00f1os y cre\u00eda que ya no estaba para que me eval\u00faen. Adem\u00e1s, <strong>no quer\u00eda que \u00e9l tenga la presi\u00f3n de tener un jugador como yo, que est\u00e1 hace tanto en el club<\/strong>\u201d.<\/p>\n<p dir=\"ltr\" lang=\"es\">Por otra parte, opin\u00f3 sobre la actualidad del club y su rendimiento en los \u00faltimos a\u00f1os: \u201cCreo que todos los jugadores necesitan cari\u00f1o y ser mimados. Fueron 9 a\u00f1os jugando en la primera de Independiente donde viv\u00ed muchas cosas. <strong>Hubo m\u00e1s momentos malos porque el f\u00fatbol es as\u00ed y por algo Independiente est\u00e1 como est\u00e1.<\/strong> Pero uno tiene que ser autocr\u00edtico, quiz\u00e1s <strong>no he mantenido una regularidad o no le he gustado a los t\u00e9cnicos<\/strong>\u201d. Y luego agreg\u00f3:\u00a0\u201cLo m\u00e1s dif\u00edcil en el f\u00fatbol argentino es mantener una regularidad y hay mucha presi\u00f3n. <strong>En el 2017 encontramos una regularidad<\/strong>. Despu\u00e9s se fueron varios compa\u00f1eros y llegaron jugadores nuevos\u201d.<\/p>\n<blockquote class=\"twitter-tweet\">\n<p dir=\"ltr\" lang=\"es\">\u00abSOY UN AGRADECIDO A INDEPENDIENTE\u00bb<a href=\"https:\/\/twitter.com\/hashtag\/FOXRadio?src=hash&amp;ref_src=twsrc%5Etfw\">#FOXRadio<\/a> | Mart\u00edn Ben\u00edtez dej\u00f3 el Rojo para ir a Vasco da Gama y explic\u00f3 sus razones para tomar esta decisi\u00f3n. <a href=\"https:\/\/t.co\/uJahyf8zf0\">pic.twitter.com\/uJahyf8zf0<\/a><\/p>\n<p>\u2014 FOX Sports Argentina (@FOXSportsArg) <a href=\"https:\/\/twitter.com\/FOXSportsArg\/status\/1232803988770369543?ref_src=twsrc%5Etfw\">February 26, 2020<\/a><\/p><\/blockquote>\n<p><script async src=\"https:\/\/platform.twitter.com\/widgets.js\" charset=\"utf-8\"><\/script><\/p>\n<blockquote class=\"twitter-tweet\">\n<p dir=\"ltr\" lang=\"es\">\u00abME FUI TRISTE EL \u00daLTIMO PARTIDO DONDE SAL\u00cd SILBADO\u00bb<a href=\"https:\/\/twitter.com\/hashtag\/FOXRadio?src=hash&amp;ref_src=twsrc%5Etfw\">#FOXRadio<\/a> | Mart\u00edn Ben\u00edtez expres\u00f3 que el encuentro ante Fortaleza, donde recibi\u00f3 silbidos de la gente de Independiente lo llev\u00f3 a tomar la decisi\u00f3n de irse. <a href=\"https:\/\/t.co\/txvK9VU5L8\">pic.twitter.com\/txvK9VU5L8<\/a><\/p>\n<p>\u2014 FOX Sports Argentina (@FOXSportsArg) <a href=\"https:\/\/twitter.com\/FOXSportsArg\/status\/1232805756753383424?ref_src=twsrc%5Etfw\">February 26, 2020<\/a><\/p><\/blockquote>\n<p><script async src=\"https:\/\/platform.twitter.com\/widgets.js\" charset=\"utf-8\"><\/script><\/p>\n<blockquote class=\"twitter-tweet\">\n<p dir=\"ltr\" lang=\"es\">\u00abSENT\u00cd QUE LE ESTABA HACIENDO UN MAL A INDEPENDIENTE Y LA MEJOR DECISI\u00d3N ERA ESTA\u00bb<a href=\"https:\/\/twitter.com\/hashtag\/FOXRadio?src=hash&amp;ref_src=twsrc%5Etfw\">#FOXRadio<\/a> | Mart\u00edn Ben\u00edtez afirm\u00f3 que necesitaba un cambio de aire tras 9 a\u00f1os en el club. <a href=\"https:\/\/t.co\/vfuvm5NbrT\">pic.twitter.com\/vfuvm5NbrT<\/a><\/p>\n<p>\u2014 FOX Sports Argentina (@FOXSportsArg) <a href=\"https:\/\/twitter.com\/FOXSportsArg\/status\/1232807411414708225?ref_src=twsrc%5Etfw\">February 26, 2020<\/a><\/p><\/blockquote>\n<p><script async src=\"https:\/\/platform.twitter.com\/widgets.js\" charset=\"utf-8\"><\/script><\/p>\n<blockquote class=\"twitter-tweet\">\n<p dir=\"ltr\" lang=\"es\">\u00abNO NOS GUSTARON ALGUNAS DECLARACIONES DE BECCACECE\u00bb<a href=\"https:\/\/twitter.com\/hashtag\/FOXRadio?src=hash&amp;ref_src=twsrc%5Etfw\">#FOXRadio<\/a> | Mart\u00edn Ben\u00edtez explic\u00f3 que el plantel de Independiente no salud\u00f3 al entrenador de Racing en el cl\u00e1sico por algunos d\u00edchos del DT que no cayeron bien. <a href=\"https:\/\/t.co\/CxWzfNwAPq\">pic.twitter.com\/CxWzfNwAPq<\/a><\/p>\n<p>\u2014 FOX Sports Argentina (@FOXSportsArg) <a href=\"https:\/\/twitter.com\/FOXSportsArg\/status\/1232808990947643394?ref_src=twsrc%5Etfw\">February 26, 2020<\/a><\/p><\/blockquote>\n<p><script async src=\"https:\/\/platform.twitter.com\/widgets.js\" charset=\"utf-8\"><\/script><\/p>\n","protected":false},"excerpt":{"rendered":"<div class=\"mh-excerpt\"><p>Mart\u00edn Ben\u00edtez, el ya ex jugador de Independiente, dialog\u00f3 con los colegas de Fox Sports Radio en donde se refiri\u00f3 a su salida del club. El misionero, que extendi\u00f3 su contrato con el Rojo hasta <a class=\"mh-excerpt-more\" href=\"https:\/\/www.masrojo.com.ar\/home\/2020\/02\/26\/martin-benitez-senti-que-le-estaba-haciendo-dano-al-club\/\" title=\"Mart\u00edn Ben\u00edtez: \u00abSent\u00ed que le estaba haciendo da\u00f1o al club\u00bb\">[&#8230;]<\/a><\/p>\n<\/div>","protected":false},"author":1,"featured_media":0,"comment_status":"closed","ping_status":"closed","sticky":false,"template":"","format":"video","meta":{"_jetpack_memberships_contains_paid_content":false,"footnotes":"","jetpack_publicize_message":"","jetpack_publicize_feature_enabled":true,"jetpack_social_post_already_shared":true,"jetpack_social_options":{"image_generator_settings":{"template":"highway","enabled":false},"version":2}},"categories":[4],"tags":[720,33,17,923,387,97,844],"class_list":{"0":"post-37875","1":"post","2":"type-post","3":"status-publish","4":"format-video","6":"category-actualidad","7":"tag-beccacece","8":"tag-benitez","9":"tag-independiente","10":"tag-prestamo","11":"tag-pusineri","12":"tag-racing","13":"tag-vasco-da-gama","14":"post_format-post-format-video"},"jetpack_publicize_connections":[],"jetpack_sharing_enabled":true,"jetpack_featured_media_url":"","jetpack_shortlink":"https:\/\/wp.me\/p90W9F-9QT","_links":{"self":[{"href":"https:\/\/www.masrojo.com.ar\/home\/wp-json\/wp\/v2\/posts\/37875"}],"collection":[{"href":"https:\/\/www.masrojo.com.ar\/home\/wp-json\/wp\/v2\/posts"}],"about":[{"href":"https:\/\/www.masrojo.com.ar\/home\/wp-json\/wp\/v2\/types\/post"}],"author":[{"embeddable":true,"href":"https:\/\/www.masrojo.com.ar\/home\/wp-json\/wp\/v2\/users\/1"}],"replies":[{"embeddable":true,"href":"https:\/\/www.masrojo.com.ar\/home\/wp-json\/wp\/v2\/comments?post=37875"}],"version-history":[{"count":1,"href":"https:\/\/www.masrojo.com.ar\/home\/wp-json\/wp\/v2\/posts\/37875\/revisions"}],"predecessor-version":[{"id":37876,"href":"https:\/\/www.masrojo.com.ar\/home\/wp-json\/wp\/v2\/posts\/37875\/revisions\/37876"}],"wp:attachment":[{"href":"https:\/\/www.masrojo.com.ar\/home\/wp-json\/wp\/v2\/media?parent=37875"}],"wp:term":[{"taxonomy":"category","embeddable":true,"href":"https:\/\/www.masrojo.com.ar\/home\/wp-json\/wp\/v2\/categories?post=37875"},{"taxonomy":"post_tag","embeddable":true,"href":"https:\/\/www.masrojo.com.ar\/home\/wp-json\/wp\/v2\/tags?post=37875"}],"curies":[{"name":"wp","href":"https:\/\/api.w.org\/{rel}","templated":true}]}}