{"id":38394,"date":"2020-03-14T08:59:23","date_gmt":"2020-03-14T11:59:23","guid":{"rendered":"https:\/\/www.masrojo.com.ar\/home\/?p=38394"},"modified":"2020-03-14T09:03:03","modified_gmt":"2020-03-14T12:03:03","slug":"arbitro-ante-el-fortin","status":"publish","type":"post","link":"https:\/\/www.masrojo.com.ar\/home\/2020\/03\/14\/arbitro-ante-el-fortin\/","title":{"rendered":"\u00c1rbitro ante el Fort\u00edn"},"content":{"rendered":"<p style=\"text-align: justify;\">La Asociaci\u00f3n del F\u00fatbol Argentino (AFA) ya dio a conocer qui\u00e9n ser\u00e1 el encargado de impartir justicia en el partido que Independiente jugar\u00e1 ante V\u00e9lez Sarsfield en el Estadio Libertadores de Am\u00e9rica por la primera jornada de la Copa de la Superliga 2020.<\/p>\n<p style=\"text-align: justify;\">El \u00e1rbitro para el cotejo, que se jugar\u00e1 el s\u00e1bado 14 de marzo desde las 15.30 horas, ser\u00e1 el Mauro Vigliano.<\/p>\n<p style=\"text-align: justify;\">El juez principal estar\u00e1 acompa\u00f1ado por Juan P. Belatti, como asistente n\u00famero 1, Gerardo Carretero, como asistente 2 y Hern\u00e1n Mastrangelo como cuarto \u00e1rbitro.<\/p>\n<p style=\"text-align: justify;\"><strong>El \u00e1rbitro ya dirigi\u00f3 en 20 oportunidades al Rojo con un saldo levemente favorable: gan\u00f3 8 partidos, empat\u00f3 6 y perdi\u00f3 6.<\/strong><\/p>\n<p style=\"text-align: justify;\"><strong>El \u00faltimo encuentro bajo su tutela fue la goleada 5-0 ante Rosario Central<\/strong>, por la fecha 18\u00aa de la pasada Superliga (hace 1 mes), en la primera victoria de Lucas Pusineri como DT del club.<\/p>\n","protected":false},"excerpt":{"rendered":"<div class=\"mh-excerpt\"><p>La Asociaci\u00f3n del F\u00fatbol Argentino (AFA) ya dio a conocer qui\u00e9n ser\u00e1 el encargado de impartir justicia en el partido que Independiente jugar\u00e1 ante V\u00e9lez Sarsfield en el Estadio Libertadores de Am\u00e9rica por la primera <a class=\"mh-excerpt-more\" href=\"https:\/\/www.masrojo.com.ar\/home\/2020\/03\/14\/arbitro-ante-el-fortin\/\" title=\"\u00c1rbitro ante el Fort\u00edn\">[&#8230;]<\/a><\/p>\n<\/div>","protected":false},"author":6,"featured_media":0,"comment_status":"closed","ping_status":"closed","sticky":false,"template":"","format":"image","meta":{"_jetpack_memberships_contains_paid_content":false,"footnotes":"","jetpack_publicize_message":"","jetpack_publicize_feature_enabled":true,"jetpack_social_post_already_shared":true,"jetpack_social_options":{"image_generator_settings":{"template":"highway","enabled":false},"version":2}},"categories":[4],"tags":[],"class_list":{"0":"post-38394","1":"post","2":"type-post","3":"status-publish","4":"format-image","6":"category-actualidad","7":"post_format-post-format-image"},"jetpack_publicize_connections":[],"jetpack_sharing_enabled":true,"jetpack_featured_media_url":"","jetpack_shortlink":"https:\/\/wp.me\/p90W9F-9Zg","_links":{"self":[{"href":"https:\/\/www.masrojo.com.ar\/home\/wp-json\/wp\/v2\/posts\/38394"}],"collection":[{"href":"https:\/\/www.masrojo.com.ar\/home\/wp-json\/wp\/v2\/posts"}],"about":[{"href":"https:\/\/www.masrojo.com.ar\/home\/wp-json\/wp\/v2\/types\/post"}],"author":[{"embeddable":true,"href":"https:\/\/www.masrojo.com.ar\/home\/wp-json\/wp\/v2\/users\/6"}],"replies":[{"embeddable":true,"href":"https:\/\/www.masrojo.com.ar\/home\/wp-json\/wp\/v2\/comments?post=38394"}],"version-history":[{"count":3,"href":"https:\/\/www.masrojo.com.ar\/home\/wp-json\/wp\/v2\/posts\/38394\/revisions"}],"predecessor-version":[{"id":38517,"href":"https:\/\/www.masrojo.com.ar\/home\/wp-json\/wp\/v2\/posts\/38394\/revisions\/38517"}],"wp:attachment":[{"href":"https:\/\/www.masrojo.com.ar\/home\/wp-json\/wp\/v2\/media?parent=38394"}],"wp:term":[{"taxonomy":"category","embeddable":true,"href":"https:\/\/www.masrojo.com.ar\/home\/wp-json\/wp\/v2\/categories?post=38394"},{"taxonomy":"post_tag","embeddable":true,"href":"https:\/\/www.masrojo.com.ar\/home\/wp-json\/wp\/v2\/tags?post=38394"}],"curies":[{"name":"wp","href":"https:\/\/api.w.org\/{rel}","templated":true}]}}