{"id":38472,"date":"2020-03-13T10:21:48","date_gmt":"2020-03-13T13:21:48","guid":{"rendered":"https:\/\/www.masrojo.com.ar\/home\/?p=38472"},"modified":"2020-03-13T11:05:17","modified_gmt":"2020-03-13T14:05:17","slug":"pastoriza-tendra-una-calle-con-su-nombre-en-avellaneda","status":"publish","type":"post","link":"https:\/\/www.masrojo.com.ar\/home\/2020\/03\/13\/pastoriza-tendra-una-calle-con-su-nombre-en-avellaneda\/","title":{"rendered":"PASTORIZA TENDR\u00c1 UNA CALLE CON SU NOMBRE EN AVELLANEDA"},"content":{"rendered":"<p style=\"text-align: justify;\">El Concejo Deliberante de Avellaneda aprob\u00f3 este jueves denominar a una de las calles del distrito Jos\u00e9 Omar Pastoriza, en homenaje al ex jugador y entrenador de Independiente, fallecido en 2004.<\/p>\n<p style=\"text-align: justify;\">En la sesi\u00f3n, impuslado por el presidente del Consejo Deliberante de la Ciudad de Avellaneda Hugo Barrueco, el concejal oficialista Dami\u00e1n Degli Innocenti present\u00f3 una ordenanza para nombrar Pastoriza a una calle circundante al estadio Libertadores de Am\u00e9rica, entre \u00a0Rodolfo Alsina y Ricardo Bochini. La iniciativa fue acompa\u00f1ada por la oposici\u00f3n y aprobada por los 23 ediles presentes.<\/p>\n<p><img loading=\"lazy\" decoding=\"async\" class=\"aligncenter\" src=\"https:\/\/pbs.twimg.com\/media\/ES8V2v-WoAEkXFo?format=jpg&amp;name=medium\" alt=\"Imagen\" width=\"649\" height=\"440\" \/><\/p>\n<p style=\"text-align: justify;\">Pastoriza fue un volante que alcanz\u00f3 la gloria con Independiente en la d\u00e9cada del 60 y del 70. Como jugador, consigui\u00f3 dos torneos Metropolitanos, un Nacional y una Copa Libertadores y a\u00f1os despu\u00e9s, como t\u00e9cnico, logr\u00f3 la Copa Libertadores 1984 y la posterior Copa Intercontinental en ese mismo a\u00f1o.<\/p>\n<p><img loading=\"lazy\" decoding=\"async\" class=\"aligncenter\" src=\"https:\/\/pbs.twimg.com\/media\/ES775V6XQAUnoHe?format=jpg&amp;name=large\" alt=\"Imagen\" width=\"429\" height=\"763\" \/><\/p>\n<p style=\"text-align: justify;\">En el recinto estuvieron el hijo del Pato,\u00a0 Bochini, emblema de Independiente, dirigentes del club y Facundo Moyano. \u201cQuiero agradecer al Concejo por este reconocimiento al Pato. <strong>Me pone muy feliz y es muy merecido por todo lo que hizo en el f\u00fatbol argentino y por defender a los jugadores, quienes hoy tienen un gremio gracias a \u00e9l<\/strong>. Quienes lo conocimos no lo vamos a olvidar jam\u00e1s, adem\u00e1s de un gran t\u00e9cnico, fue un amigo\u201d, expres\u00f3 el ex jugador del Rojo.<\/p>\n<p><img loading=\"lazy\" decoding=\"async\" class=\"aligncenter\" src=\"https:\/\/pbs.twimg.com\/media\/ES8IMRaXQAA7LBS?format=jpg&amp;name=small\" alt=\"Imagen\" width=\"504\" height=\"335\" \/><\/p>\n<p><img data-recalc-dims=\"1\" loading=\"lazy\" decoding=\"async\" class=\"aligncenter size-full wp-image-38474\" src=\"https:\/\/i0.wp.com\/www.masrojo.com.ar\/home\/wp-content\/uploads\/calle.png?resize=512%2C247&#038;ssl=1\" alt=\"\" width=\"512\" height=\"247\" \/><\/p>\n<p><img data-recalc-dims=\"1\" loading=\"lazy\" decoding=\"async\" class=\"aligncenter wp-image-38473\" src=\"https:\/\/i0.wp.com\/www.masrojo.com.ar\/home\/wp-content\/uploads\/WhatsApp-Image-2020-03-12-at-20.46.36-768x1024.jpeg?resize=459%2C612&#038;ssl=1\" alt=\"PROCLAMACI\u00d3N DE LA CALLE JOS\u00c9 OMAR PASTORIZA\" width=\"459\" height=\"612\" \/><\/p>\n","protected":false},"excerpt":{"rendered":"<div class=\"mh-excerpt\"><p>El Concejo Deliberante de Avellaneda aprob\u00f3 este jueves denominar a una de las calles del distrito Jos\u00e9 Omar Pastoriza, en homenaje al ex jugador y entrenador de Independiente, fallecido en 2004. En la sesi\u00f3n, impuslado <a class=\"mh-excerpt-more\" href=\"https:\/\/www.masrojo.com.ar\/home\/2020\/03\/13\/pastoriza-tendra-una-calle-con-su-nombre-en-avellaneda\/\" title=\"PASTORIZA TENDR\u00c1 UNA CALLE CON SU NOMBRE EN AVELLANEDA\">[&#8230;]<\/a><\/p>\n<\/div>","protected":false},"author":6,"featured_media":0,"comment_status":"closed","ping_status":"closed","sticky":false,"template":"","format":"image","meta":{"_jetpack_memberships_contains_paid_content":false,"footnotes":"","jetpack_publicize_message":"","jetpack_publicize_feature_enabled":true,"jetpack_social_post_already_shared":true,"jetpack_social_options":{"image_generator_settings":{"template":"highway","enabled":false},"version":2}},"categories":[4],"tags":[],"class_list":{"0":"post-38472","1":"post","2":"type-post","3":"status-publish","4":"format-image","6":"category-actualidad","7":"post_format-post-format-image"},"jetpack_publicize_connections":[],"jetpack_sharing_enabled":true,"jetpack_featured_media_url":"","jetpack_shortlink":"https:\/\/wp.me\/p90W9F-a0w","_links":{"self":[{"href":"https:\/\/www.masrojo.com.ar\/home\/wp-json\/wp\/v2\/posts\/38472"}],"collection":[{"href":"https:\/\/www.masrojo.com.ar\/home\/wp-json\/wp\/v2\/posts"}],"about":[{"href":"https:\/\/www.masrojo.com.ar\/home\/wp-json\/wp\/v2\/types\/post"}],"author":[{"embeddable":true,"href":"https:\/\/www.masrojo.com.ar\/home\/wp-json\/wp\/v2\/users\/6"}],"replies":[{"embeddable":true,"href":"https:\/\/www.masrojo.com.ar\/home\/wp-json\/wp\/v2\/comments?post=38472"}],"version-history":[{"count":2,"href":"https:\/\/www.masrojo.com.ar\/home\/wp-json\/wp\/v2\/posts\/38472\/revisions"}],"predecessor-version":[{"id":38490,"href":"https:\/\/www.masrojo.com.ar\/home\/wp-json\/wp\/v2\/posts\/38472\/revisions\/38490"}],"wp:attachment":[{"href":"https:\/\/www.masrojo.com.ar\/home\/wp-json\/wp\/v2\/media?parent=38472"}],"wp:term":[{"taxonomy":"category","embeddable":true,"href":"https:\/\/www.masrojo.com.ar\/home\/wp-json\/wp\/v2\/categories?post=38472"},{"taxonomy":"post_tag","embeddable":true,"href":"https:\/\/www.masrojo.com.ar\/home\/wp-json\/wp\/v2\/tags?post=38472"}],"curies":[{"name":"wp","href":"https:\/\/api.w.org\/{rel}","templated":true}]}}