{"id":38482,"date":"2020-03-13T11:04:28","date_gmt":"2020-03-13T14:04:28","guid":{"rendered":"https:\/\/www.masrojo.com.ar\/home\/?p=38482"},"modified":"2020-03-13T11:10:21","modified_gmt":"2020-03-13T14:10:21","slug":"reserva-empate-en-el-debut-de-la-copa","status":"publish","type":"post","link":"https:\/\/www.masrojo.com.ar\/home\/2020\/03\/13\/reserva-empate-en-el-debut-de-la-copa\/","title":{"rendered":"Reserva | Empate en el debut de la Copa"},"content":{"rendered":"<p style=\"text-align: justify;\">Comenz\u00f3 la<strong> Copa de la Superliga de Reserva<\/strong> en Villa Dom\u00ednico e Independiente igual\u00f3 ante V\u00e9lez 2-2 en la primera fecha de la Zona 1.<\/p>\n<p style=\"text-align: justify;\">El equipo del Negro G\u00f3mez debut\u00f3 con \u00e9stos 11:<strong> Segovia; Di Lorenzo, Gamarra, Lando, Pacchini, Ostachuck, Da Rosa, Medina, Mercado, Pozzo, Villalva.<\/strong><\/p>\n<p style=\"text-align: justify;\">El Rey de Copas hab\u00eda comenzado perdiendo el partido pero lo igual\u00f3 <strong>Juan Da Rosa<\/strong> a los 27 de la primera etapa. Tras un partido laborioso los pibes lo dieron vuelta a los 41 del complemento tras una gran jugada por derecha y la definici\u00f3n al primer palo de<strong> Villalva. <\/strong>Pellegrino lo igual\u00f3 para el Fort\u00edn en el \u00faltimo minuto y quedaron en tablas.<\/p>\n<p style=\"text-align: justify;\">El Rojo visitar\u00e1 a Banfield en la pr\u00f3xima fecha, la segunda de la nueva Copa de la Superliga.<\/p>\n","protected":false},"excerpt":{"rendered":"<div class=\"mh-excerpt\"><p>Comenz\u00f3 la Copa de la Superliga de Reserva en Villa Dom\u00ednico e Independiente igual\u00f3 ante V\u00e9lez 2-2 en la primera fecha de la Zona 1. El equipo del Negro G\u00f3mez debut\u00f3 con \u00e9stos 11: Segovia; <a class=\"mh-excerpt-more\" href=\"https:\/\/www.masrojo.com.ar\/home\/2020\/03\/13\/reserva-empate-en-el-debut-de-la-copa\/\" title=\"Reserva | Empate en el debut de la Copa\">[&#8230;]<\/a><\/p>\n<\/div>","protected":false},"author":4,"featured_media":0,"comment_status":"closed","ping_status":"closed","sticky":false,"template":"","format":"image","meta":{"_jetpack_memberships_contains_paid_content":false,"footnotes":"","jetpack_publicize_message":"#Reserva | Empate en el debut de la Copa","jetpack_publicize_feature_enabled":true,"jetpack_social_post_already_shared":true,"jetpack_social_options":{"image_generator_settings":{"template":"highway","enabled":false},"version":2}},"categories":[4,6],"tags":[],"class_list":{"0":"post-38482","1":"post","2":"type-post","3":"status-publish","4":"format-image","6":"category-actualidad","7":"category-reserva","8":"post_format-post-format-image"},"jetpack_publicize_connections":[],"jetpack_sharing_enabled":true,"jetpack_featured_media_url":"","jetpack_shortlink":"https:\/\/wp.me\/p90W9F-a0G","_links":{"self":[{"href":"https:\/\/www.masrojo.com.ar\/home\/wp-json\/wp\/v2\/posts\/38482"}],"collection":[{"href":"https:\/\/www.masrojo.com.ar\/home\/wp-json\/wp\/v2\/posts"}],"about":[{"href":"https:\/\/www.masrojo.com.ar\/home\/wp-json\/wp\/v2\/types\/post"}],"author":[{"embeddable":true,"href":"https:\/\/www.masrojo.com.ar\/home\/wp-json\/wp\/v2\/users\/4"}],"replies":[{"embeddable":true,"href":"https:\/\/www.masrojo.com.ar\/home\/wp-json\/wp\/v2\/comments?post=38482"}],"version-history":[{"count":2,"href":"https:\/\/www.masrojo.com.ar\/home\/wp-json\/wp\/v2\/posts\/38482\/revisions"}],"predecessor-version":[{"id":38491,"href":"https:\/\/www.masrojo.com.ar\/home\/wp-json\/wp\/v2\/posts\/38482\/revisions\/38491"}],"wp:attachment":[{"href":"https:\/\/www.masrojo.com.ar\/home\/wp-json\/wp\/v2\/media?parent=38482"}],"wp:term":[{"taxonomy":"category","embeddable":true,"href":"https:\/\/www.masrojo.com.ar\/home\/wp-json\/wp\/v2\/categories?post=38482"},{"taxonomy":"post_tag","embeddable":true,"href":"https:\/\/www.masrojo.com.ar\/home\/wp-json\/wp\/v2\/tags?post=38482"}],"curies":[{"name":"wp","href":"https:\/\/api.w.org\/{rel}","templated":true}]}}