{"id":38531,"date":"2020-03-14T09:11:28","date_gmt":"2020-03-14T12:11:28","guid":{"rendered":"https:\/\/www.masrojo.com.ar\/home\/?p=38531"},"modified":"2020-03-14T09:11:28","modified_gmt":"2020-03-14T12:11:28","slug":"a-coparse-3","status":"publish","type":"post","link":"https:\/\/www.masrojo.com.ar\/home\/2020\/03\/14\/a-coparse-3\/","title":{"rendered":"A COPARSE"},"content":{"rendered":"<p class=\"capital\" style=\"text-align: justify;\"><b>Independiente <\/b>recibe a\u00a0<b>V\u00e9lez\u00a0<\/b>este s\u00e1bado, por la fecha 1 de la zona 1 de la Copa Superliga. El partido se juega a las 15.30, con televisaci\u00f3n de TNT Sports y arbitraje de Mauro Vigliano, a puertas cerradas, como medida precautoria para evitar la propagaci\u00f3n del coronavirus.<\/p>\n<p style=\"text-align: justify;\">El conjunto de Avellaneda, que alterna actuaciones aceptables con otras muy flojas, ser\u00e1 local frente a un rival que se qued\u00f3 sin entrenador tras la intempestiva salida de Gabriel Heinze.<\/p>\n<div id=\"hybs-mslot-3658-3\" class=\"hybs-mslot\" style=\"text-align: justify;\"><\/div>\n<p style=\"text-align: justify;\">El Rojo no comenz\u00f3 el a\u00f1o sin funcionamiento y con resultados adversos, m\u00e1s all\u00e1 del b\u00e1lsamo que de pasar de rueda por la Copa Sudamericana. El director t\u00e9cnico Lucas Pusineri se decidi\u00f3 por el regreso de Lucas Romero (no jug\u00f3 en la goleada a Central C\u00f3rdoba, por acumulaci\u00f3n de tarjetas amarillas) en lugar de Diego Mercado, la \u00fanica variante.<\/p>\n<p style=\"text-align: justify;\">Los 11 de <b>Independiente:\u00a0<\/b>Mart\u00edn Campa\u00f1a; Fabricio Bustos, Alan Franco, Gast\u00f3n Silva y Juan S\u00e1nchez Mi\u00f1o; Lucas Gonz\u00e1lez, Lucas Romero, Alan So\u00f1ora y Andr\u00e9s Roa; Braian Mart\u00ednez y Silvio Romero.\u00a0<b>DT:\u00a0<\/b>Lucas Pusineri<\/p>\n","protected":false},"excerpt":{"rendered":"<div class=\"mh-excerpt\"><p>Independiente recibe a\u00a0V\u00e9lez\u00a0este s\u00e1bado, por la fecha 1 de la zona 1 de la Copa Superliga. El partido se juega a las 15.30, con televisaci\u00f3n de TNT Sports y arbitraje de Mauro Vigliano, a puertas <a class=\"mh-excerpt-more\" href=\"https:\/\/www.masrojo.com.ar\/home\/2020\/03\/14\/a-coparse-3\/\" title=\"A COPARSE\">[&#8230;]<\/a><\/p>\n<\/div>","protected":false},"author":6,"featured_media":0,"comment_status":"closed","ping_status":"closed","sticky":false,"template":"","format":"image","meta":{"_jetpack_memberships_contains_paid_content":false,"footnotes":"","jetpack_publicize_message":"","jetpack_publicize_feature_enabled":true,"jetpack_social_post_already_shared":true,"jetpack_social_options":{"image_generator_settings":{"template":"highway","enabled":false},"version":2}},"categories":[4],"tags":[],"class_list":{"0":"post-38531","1":"post","2":"type-post","3":"status-publish","4":"format-image","6":"category-actualidad","7":"post_format-post-format-image"},"jetpack_publicize_connections":[],"jetpack_sharing_enabled":true,"jetpack_featured_media_url":"","jetpack_shortlink":"https:\/\/wp.me\/p90W9F-a1t","_links":{"self":[{"href":"https:\/\/www.masrojo.com.ar\/home\/wp-json\/wp\/v2\/posts\/38531"}],"collection":[{"href":"https:\/\/www.masrojo.com.ar\/home\/wp-json\/wp\/v2\/posts"}],"about":[{"href":"https:\/\/www.masrojo.com.ar\/home\/wp-json\/wp\/v2\/types\/post"}],"author":[{"embeddable":true,"href":"https:\/\/www.masrojo.com.ar\/home\/wp-json\/wp\/v2\/users\/6"}],"replies":[{"embeddable":true,"href":"https:\/\/www.masrojo.com.ar\/home\/wp-json\/wp\/v2\/comments?post=38531"}],"version-history":[{"count":1,"href":"https:\/\/www.masrojo.com.ar\/home\/wp-json\/wp\/v2\/posts\/38531\/revisions"}],"predecessor-version":[{"id":38537,"href":"https:\/\/www.masrojo.com.ar\/home\/wp-json\/wp\/v2\/posts\/38531\/revisions\/38537"}],"wp:attachment":[{"href":"https:\/\/www.masrojo.com.ar\/home\/wp-json\/wp\/v2\/media?parent=38531"}],"wp:term":[{"taxonomy":"category","embeddable":true,"href":"https:\/\/www.masrojo.com.ar\/home\/wp-json\/wp\/v2\/categories?post=38531"},{"taxonomy":"post_tag","embeddable":true,"href":"https:\/\/www.masrojo.com.ar\/home\/wp-json\/wp\/v2\/tags?post=38531"}],"curies":[{"name":"wp","href":"https:\/\/api.w.org\/{rel}","templated":true}]}}