{"id":38717,"date":"2020-03-18T17:03:55","date_gmt":"2020-03-18T20:03:55","guid":{"rendered":"https:\/\/www.masrojo.com.ar\/home\/?p=38717"},"modified":"2020-03-18T17:03:55","modified_gmt":"2020-03-18T20:03:55","slug":"a-la-carga-por-el-tractor","status":"publish","type":"post","link":"https:\/\/www.masrojo.com.ar\/home\/2020\/03\/18\/a-la-carga-por-el-tractor\/","title":{"rendered":"A la carga por el Tractor"},"content":{"rendered":"<p><strong>Fabricio Bustos<\/strong>, una de las piezas claves de <strong>#Independiente<\/strong>, es pretendido por un club muy importante de Brasil.<\/p>\n<p>En las \u00faltimas horas, medios brasile\u00f1os empezaron a hablar de un gran inter\u00e9s del <strong>Flamengo<\/strong> por el lateral del Rojo. Su entrenador, <strong>Jorge Jes\u00fas<\/strong>, habr\u00eda pedido que fichen al jugador en el pr\u00f3ximo mercado de pases. La idea del DT del Mengao es que el <em>Tractor<\/em> reemplace, en un futuro, a <strong>Rafinha<\/strong>.<\/p>\n<p>Cabe destacar que Bustos tiene contrato con el Rey de Copas hasta <strong>junio de<\/strong> <strong>2022<\/strong> y su cl\u00e1usula es de <strong>20M de d\u00f3lares<\/strong>.<\/p>\n","protected":false},"excerpt":{"rendered":"<div class=\"mh-excerpt\"><p>Fabricio Bustos, una de las piezas claves de #Independiente, es pretendido por un club muy importante de Brasil. En las \u00faltimas horas, medios brasile\u00f1os empezaron a hablar de un gran inter\u00e9s del Flamengo por el <a class=\"mh-excerpt-more\" href=\"https:\/\/www.masrojo.com.ar\/home\/2020\/03\/18\/a-la-carga-por-el-tractor\/\" title=\"A la carga por el Tractor\">[&#8230;]<\/a><\/p>\n<\/div>","protected":false},"author":1,"featured_media":0,"comment_status":"closed","ping_status":"closed","sticky":false,"template":"","format":"standard","meta":{"_jetpack_memberships_contains_paid_content":false,"footnotes":"","jetpack_publicize_message":"","jetpack_publicize_feature_enabled":true,"jetpack_social_post_already_shared":true,"jetpack_social_options":{"image_generator_settings":{"template":"highway","enabled":false},"version":2}},"categories":[4],"tags":[40,145,17],"class_list":{"0":"post-38717","1":"post","2":"type-post","3":"status-publish","4":"format-standard","6":"category-actualidad","7":"tag-bustos","8":"tag-flamengo","9":"tag-independiente"},"jetpack_publicize_connections":[],"jetpack_sharing_enabled":true,"jetpack_featured_media_url":"","jetpack_shortlink":"https:\/\/wp.me\/p90W9F-a4t","_links":{"self":[{"href":"https:\/\/www.masrojo.com.ar\/home\/wp-json\/wp\/v2\/posts\/38717"}],"collection":[{"href":"https:\/\/www.masrojo.com.ar\/home\/wp-json\/wp\/v2\/posts"}],"about":[{"href":"https:\/\/www.masrojo.com.ar\/home\/wp-json\/wp\/v2\/types\/post"}],"author":[{"embeddable":true,"href":"https:\/\/www.masrojo.com.ar\/home\/wp-json\/wp\/v2\/users\/1"}],"replies":[{"embeddable":true,"href":"https:\/\/www.masrojo.com.ar\/home\/wp-json\/wp\/v2\/comments?post=38717"}],"version-history":[{"count":1,"href":"https:\/\/www.masrojo.com.ar\/home\/wp-json\/wp\/v2\/posts\/38717\/revisions"}],"predecessor-version":[{"id":38720,"href":"https:\/\/www.masrojo.com.ar\/home\/wp-json\/wp\/v2\/posts\/38717\/revisions\/38720"}],"wp:attachment":[{"href":"https:\/\/www.masrojo.com.ar\/home\/wp-json\/wp\/v2\/media?parent=38717"}],"wp:term":[{"taxonomy":"category","embeddable":true,"href":"https:\/\/www.masrojo.com.ar\/home\/wp-json\/wp\/v2\/categories?post=38717"},{"taxonomy":"post_tag","embeddable":true,"href":"https:\/\/www.masrojo.com.ar\/home\/wp-json\/wp\/v2\/tags?post=38717"}],"curies":[{"name":"wp","href":"https:\/\/api.w.org\/{rel}","templated":true}]}}