{"id":39382,"date":"2020-04-30T21:30:43","date_gmt":"2020-05-01T00:30:43","guid":{"rendered":"https:\/\/www.masrojo.com.ar\/home\/?p=39382"},"modified":"2020-04-30T21:38:53","modified_gmt":"2020-05-01T00:38:53","slug":"la-ironia-de-los-moyano-enfrentar-a-un-sindicato","status":"publish","type":"post","link":"https:\/\/www.masrojo.com.ar\/home\/2020\/04\/30\/la-ironia-de-los-moyano-enfrentar-a-un-sindicato\/","title":{"rendered":"LA IRON\u00cdA DE LOS MOYANO, ENFRENTAR A UN SINDICATO"},"content":{"rendered":"<p style=\"text-align: justify;\">Pablo Moyano es el titular del gremio de camioneros junto a su padre Hugo. Ambos son presidente y vice de Independiente pero ahora deber\u00e1n enfrentarse a un colega: Sergio Marchi.<\/p>\n<p style=\"text-align: justify;\">Hist\u00f3ricos luchadores en la defensa de los derechos de los trabajadores, Hugo y Pablo Moyano han sabido ponerse al frente del gremio de camioneros potenciando y defendiendo a los trabajadores de su sindicato. Su lucha se ha caracterizado por defender al trabajador a la hora de los despidos o de las reducciones en los salarios, como as\u00ed tambi\u00e9n pelear por las paritarias salariales.<\/p>\n<p style=\"text-align: justify;\">Pero la cosa cambi\u00f3. Los Moyano desde que asumieron en Independiente tomaron otro rol. Pasaron del otro lado del mostrador y de pasar a ser defensores, tomaron el rol de empleadores, en \u00e9ste caso puntual, de los jugadores.<\/p>\n<p style=\"text-align: justify;\">La situaci\u00f3n econ\u00f3mica por la que pasa el club es de las peores en los \u00faltimos a\u00f1os del mandato de los Moyano, (por no decir, la peor). Reclamos de deudas y pases impagos, reclamos en Fifa y dem\u00e1s deudas afronta el club.<\/p>\n<p style=\"text-align: justify;\"><strong>Lo que nunca imaginaron los Moyano es tener que enfrentarse , justamente a los que ellos est\u00e1n acostumbrados a defender: los trabajadores.\u00a0<\/strong><\/p>\n<p style=\"text-align: justify;\"><strong>La deuda con el plantel profesional es de casi 200 millones de pesos<\/strong>. Los jugadores, como trabajadores que son, recuerrieron en m\u00e1s de una oportunidad a qui\u00e9n los defiende: <strong>el sindicato, es decir, Futbolistas Argentinos Agremiados, encabezados en su secretario general del gremio, Sergio Marchi.\u00a0<\/strong><\/p>\n<p style=\"text-align: justify;\">Las declaraciones vienen cruzadas. Desde lado de Independiente, Pablo Moyano, en su rol de dirigente, <strong>pidiendo que los jugadores acepten bajarse el sueldo dada la pandemia<\/strong>. <strong>Mientas en la misma nota se saca la pilcha de dirigente y vuelve a ponerse la de sindicalista defendiendo a los camioneros suyos, despotricando contra los empresarios que pretenden bajar el sueldo a los trabajadores.\u00a0<\/strong><\/p>\n<p style=\"text-align: justify;\">Marchi, no tard\u00f3 en responder por elevaci\u00f3n, sin nombrar a su \u00abcompa\u00f1ero sindicalista\u00bb:<strong> \u00abAlgunos dirigentes est\u00e1n buscando excusas a una mala gesti\u00f3n o a un comportamiento equivocado a la hora de hacer el presupuesto y pretenden que los futbolistas que son trabajadores acepten una reducci\u00f3n de su salario\u00bb.<\/strong><\/p>\n<p style=\"text-align: justify;\">Lo cierto es que los futbolistas de Independiente <strong>han elevado el reclamo a su sindicato.<\/strong> Y es Agremiados qui\u00e9n ha aconsejado a los jugadores <strong>solicitando la libertad de acci\u00f3n, es decir, la posibilidad de quedar libres ante la falta de pago<\/strong>, quedando la deuda por pagar.<\/p>\n<p style=\"text-align: justify;\">\u00bfComo se resuelve el conflicto?. Una vez que las cartas enviadas por los jugadores lleguen al club, los dirigentes deber\u00e1n empezar a negociar y ofrecer un plan de pagos a los jugadores.<\/p>\n<p style=\"text-align: justify;\"><strong>Lo que pondr\u00e1 a Los Moyano en una situaci\u00f3n in\u00e9dita en sus vidas: tener que negociar con un sindicato por el salario de los trabajadores.<\/strong> Como lo han hecho toda la vida. <strong>Claro, que desde otro rol<\/strong>, y pretender\u00e1n que los futbolistas acepten una reducci\u00f3n en sus salarios y que sean abonados en cuotas; algo que Los Moyano, en su\u00a0 habitual rol de sindicalistas no suelen aceptar por parte de las patronales y empresarios.<\/p>\n<p style=\"text-align: justify;\">Y deber\u00e1n verse las caras y negociar entre sindicalistas. Marchi defendiendo a sus afiliados y Los Moyano buscando pagar lo menos posible y en cuotas, por haber contra\u00eddo contratos impagables para Independiente haciendo detonar la econom\u00eda del club.<\/p>\n<p><strong>El destino puso a Los Moyano en un lugar donde nunca se imaginaron que iban a estar: del otro lado del mostrador.<\/strong><\/p>\n<p>&nbsp;<\/p>\n","protected":false},"excerpt":{"rendered":"<div class=\"mh-excerpt\"><p>Pablo Moyano es el titular del gremio de camioneros junto a su padre Hugo. Ambos son presidente y vice de Independiente pero ahora deber\u00e1n enfrentarse a un colega: Sergio Marchi. Hist\u00f3ricos luchadores en la defensa <a class=\"mh-excerpt-more\" href=\"https:\/\/www.masrojo.com.ar\/home\/2020\/04\/30\/la-ironia-de-los-moyano-enfrentar-a-un-sindicato\/\" title=\"LA IRON\u00cdA DE LOS MOYANO, ENFRENTAR A UN SINDICATO\">[&#8230;]<\/a><\/p>\n<\/div>","protected":false},"author":6,"featured_media":39383,"comment_status":"closed","ping_status":"closed","sticky":false,"template":"","format":"image","meta":{"_jetpack_memberships_contains_paid_content":false,"footnotes":"","jetpack_publicize_message":"","jetpack_publicize_feature_enabled":true,"jetpack_social_post_already_shared":true,"jetpack_social_options":{"image_generator_settings":{"template":"highway","enabled":false},"version":2}},"categories":[4,10],"tags":[],"class_list":{"0":"post-39382","1":"post","2":"type-post","3":"status-publish","4":"format-image","5":"has-post-thumbnail","7":"category-actualidad","8":"category-columnas","9":"post_format-post-format-image"},"jetpack_publicize_connections":[],"jetpack_sharing_enabled":true,"jetpack_featured_media_url":"https:\/\/i0.wp.com\/www.masrojo.com.ar\/home\/wp-content\/uploads\/15686725056406-2.jpg?fit=1073%2C614&ssl=1","jetpack_shortlink":"https:\/\/wp.me\/p90W9F-afc","_links":{"self":[{"href":"https:\/\/www.masrojo.com.ar\/home\/wp-json\/wp\/v2\/posts\/39382"}],"collection":[{"href":"https:\/\/www.masrojo.com.ar\/home\/wp-json\/wp\/v2\/posts"}],"about":[{"href":"https:\/\/www.masrojo.com.ar\/home\/wp-json\/wp\/v2\/types\/post"}],"author":[{"embeddable":true,"href":"https:\/\/www.masrojo.com.ar\/home\/wp-json\/wp\/v2\/users\/6"}],"replies":[{"embeddable":true,"href":"https:\/\/www.masrojo.com.ar\/home\/wp-json\/wp\/v2\/comments?post=39382"}],"version-history":[{"count":5,"href":"https:\/\/www.masrojo.com.ar\/home\/wp-json\/wp\/v2\/posts\/39382\/revisions"}],"predecessor-version":[{"id":39408,"href":"https:\/\/www.masrojo.com.ar\/home\/wp-json\/wp\/v2\/posts\/39382\/revisions\/39408"}],"wp:featuredmedia":[{"embeddable":true,"href":"https:\/\/www.masrojo.com.ar\/home\/wp-json\/wp\/v2\/media\/39383"}],"wp:attachment":[{"href":"https:\/\/www.masrojo.com.ar\/home\/wp-json\/wp\/v2\/media?parent=39382"}],"wp:term":[{"taxonomy":"category","embeddable":true,"href":"https:\/\/www.masrojo.com.ar\/home\/wp-json\/wp\/v2\/categories?post=39382"},{"taxonomy":"post_tag","embeddable":true,"href":"https:\/\/www.masrojo.com.ar\/home\/wp-json\/wp\/v2\/tags?post=39382"}],"curies":[{"name":"wp","href":"https:\/\/api.w.org\/{rel}","templated":true}]}}