{"id":39426,"date":"2020-05-02T19:36:50","date_gmt":"2020-05-02T22:36:50","guid":{"rendered":"https:\/\/www.masrojo.com.ar\/home\/?p=39426"},"modified":"2020-05-02T19:36:50","modified_gmt":"2020-05-02T22:36:50","slug":"chocaron-el-camion","status":"publish","type":"post","link":"https:\/\/www.masrojo.com.ar\/home\/2020\/05\/02\/chocaron-el-camion\/","title":{"rendered":"\u00abCHOCARON EL CAMI\u00d3N\u00bb"},"content":{"rendered":"<p style=\"text-align: justify;\">El ex presidente de Independiente apunt\u00f3 duramente contra la gesti\u00f3n de Hugo y Pablo Moyano al frente de Independiente<\/p>\n<p style=\"text-align: justify;\">En di\u00e1logo con Closs Continental, Andr\u00e9s Ducatenzeiler empez\u00f3 apuntando contra Moyano padre e hijo \u00abChocaron el cami\u00f3n, no sienten Independiente por que no saben de Independiente. Para ellos el club es como una casa de fin de semana\u00bb. Y apunt\u00f3 \u00abPablo Moyano no sabe hace una O con un vaso\u00bb.<\/p>\n<p style=\"text-align: justify;\">\u00abMientras Racing nos ganaba un partido incre\u00edble (1-0 con dos jugadores menos en gran parte del cotejo de la fecha 19 del \u00faltimo torneo de la Superliga), Pablo Moyano estaba con (Nicol\u00e1s) Maduro -presidente de Venezuela- en Caracas\u00bb, afirm\u00f3.<\/p>\n<p style=\"text-align: justify;\">Muy cr\u00edtico con la actual conducci\u00f3n, expres\u00f3 en di\u00e1logo con Closs Continental: \u00abEl plan que tiene Chiqui Tapia con Burruchaga es que Alfaro sea el director t\u00e9cnico de Independiente. A Pusineri no le pagan desde enero\u00bb.<\/p>\n<p><img data-recalc-dims=\"1\" loading=\"lazy\" decoding=\"async\" class=\" wp-image-37622 aligncenter\" src=\"https:\/\/i0.wp.com\/www.masrojo.com.ar\/home\/wp-content\/uploads\/Andr%C3%A9s-Ducatenzeiler-3-300x200.jpg?resize=530%2C353&#038;ssl=1\" alt=\"\" width=\"530\" height=\"353\" \/><\/p>\n<p style=\"text-align: justify;\">Y sigui\u00f3 \u00abLos que est\u00e1n ahora piensan que los hinchas son los afiliados. Los Moyano arruinaron todo. Cuando lo putearon no lo entendieron, y menos lo sintieron. Los Moyano me mandaban a pedir las plateas para no pagarlas\u00bb.<\/p>\n<p style=\"text-align: justify;\">\u00abYo cuando me pele\u00e9 con Grondona -en 2004-, y vi que pod\u00eda perjudicar a Independiente, di un paso al costado. Estos que est\u00e1n ahora lo usan para un poder pol\u00edtico\u00bb, opino el ex dirigente.<\/p>\n<p style=\"text-align: justify;\">Por \u00faltimo, agreg\u00f3 sin anestesia que \u00abBoca maneja la AFA, River maneja Conmebol y Racing el Colegio de \u00c1rbitros\u00bb. Y record\u00f3 el pol\u00e9mico penal no cobrado de Javier Pinola: \u00abLos dirigentes dicen que son guapos, pero \u00bfc\u00f3mo te roban un partido como el de River por la Libertadores?\u00bb.<\/p>\n<p><iframe loading=\"lazy\" src=\"\/\/radiocut.fm\/audiocut\/embed\/mini\/andres-ducatenzeiler-en-closs-continental\/\" width=\"100%\" height=\"65px\" frameborder=\"no\" scrolling=\"no\"><\/iframe><\/p>\n","protected":false},"excerpt":{"rendered":"<div class=\"mh-excerpt\"><p>El ex presidente de Independiente apunt\u00f3 duramente contra la gesti\u00f3n de Hugo y Pablo Moyano al frente de Independiente En di\u00e1logo con Closs Continental, Andr\u00e9s Ducatenzeiler empez\u00f3 apuntando contra Moyano padre e hijo \u00abChocaron el <a class=\"mh-excerpt-more\" href=\"https:\/\/www.masrojo.com.ar\/home\/2020\/05\/02\/chocaron-el-camion\/\" title=\"\u00abCHOCARON EL CAMI\u00d3N\u00bb\">[&#8230;]<\/a><\/p>\n<\/div>","protected":false},"author":6,"featured_media":0,"comment_status":"closed","ping_status":"closed","sticky":false,"template":"","format":"audio","meta":{"_jetpack_memberships_contains_paid_content":false,"footnotes":"","jetpack_publicize_message":"","jetpack_publicize_feature_enabled":true,"jetpack_social_post_already_shared":true,"jetpack_social_options":{"image_generator_settings":{"template":"highway","enabled":false},"version":2}},"categories":[4],"tags":[],"class_list":{"0":"post-39426","1":"post","2":"type-post","3":"status-publish","4":"format-audio","6":"category-actualidad","7":"post_format-post-format-audio"},"jetpack_publicize_connections":[],"jetpack_sharing_enabled":true,"jetpack_featured_media_url":"","jetpack_shortlink":"https:\/\/wp.me\/p90W9F-afU","_links":{"self":[{"href":"https:\/\/www.masrojo.com.ar\/home\/wp-json\/wp\/v2\/posts\/39426"}],"collection":[{"href":"https:\/\/www.masrojo.com.ar\/home\/wp-json\/wp\/v2\/posts"}],"about":[{"href":"https:\/\/www.masrojo.com.ar\/home\/wp-json\/wp\/v2\/types\/post"}],"author":[{"embeddable":true,"href":"https:\/\/www.masrojo.com.ar\/home\/wp-json\/wp\/v2\/users\/6"}],"replies":[{"embeddable":true,"href":"https:\/\/www.masrojo.com.ar\/home\/wp-json\/wp\/v2\/comments?post=39426"}],"version-history":[{"count":1,"href":"https:\/\/www.masrojo.com.ar\/home\/wp-json\/wp\/v2\/posts\/39426\/revisions"}],"predecessor-version":[{"id":39433,"href":"https:\/\/www.masrojo.com.ar\/home\/wp-json\/wp\/v2\/posts\/39426\/revisions\/39433"}],"wp:attachment":[{"href":"https:\/\/www.masrojo.com.ar\/home\/wp-json\/wp\/v2\/media?parent=39426"}],"wp:term":[{"taxonomy":"category","embeddable":true,"href":"https:\/\/www.masrojo.com.ar\/home\/wp-json\/wp\/v2\/categories?post=39426"},{"taxonomy":"post_tag","embeddable":true,"href":"https:\/\/www.masrojo.com.ar\/home\/wp-json\/wp\/v2\/tags?post=39426"}],"curies":[{"name":"wp","href":"https:\/\/api.w.org\/{rel}","templated":true}]}}