{"id":39434,"date":"2020-05-02T19:45:46","date_gmt":"2020-05-02T22:45:46","guid":{"rendered":"https:\/\/www.masrojo.com.ar\/home\/?p=39434"},"modified":"2020-05-02T19:45:46","modified_gmt":"2020-05-02T22:45:46","slug":"bragarnik-se-refirio-al-futuro-de-leandro-fernandez","status":"publish","type":"post","link":"https:\/\/www.masrojo.com.ar\/home\/2020\/05\/02\/bragarnik-se-refirio-al-futuro-de-leandro-fernandez\/","title":{"rendered":"Bragarnik se refiri\u00f3 al futuro de Leandro Fern\u00e1ndez"},"content":{"rendered":"<p style=\"text-align: justify;\"><em>El representante del delantero de Independiente, cuyo contrato vence en junio, asegur\u00f3 que quieren volver a reunirse con el Rojo para resolver la cuesti\u00f3n, pero avis\u00f3 que buscar\u00e1n un resarcimiento para renovar.<\/em><\/p>\n<p style=\"text-align: justify;\"><em>El delantero de Independiente Leandro Fern\u00e1ndez era uno de los futbolistas que deb\u00eda resolver su continuidad en el club, siendo que su contrato vence a mitad de a\u00f1o. Sin embargo, la pandemia de coronavirus y el cese de actividades complicaron el panorama, sumado a que ahora el jugador pedir\u00eda un resarcimiento para renovar.<\/em><\/p>\n<p style=\"text-align: justify;\"><em><strong>\u00abHace cuatro a\u00f1os y medio que Leandro tiene contrato con Independiente. Los directivos se acercaron en diciembre para extender, les pasamos una propuesta d\u00e1ndoles la prioridad pero obviamente debe haber un resarcimiento econ\u00f3mico para el jugador\u00bb<\/strong>, explic\u00f3 Christian Bragarnik, su representante, en di\u00e1logo con Radio La Red.<\/em><\/p>\n<p style=\"text-align: justify;\"><em>Al explicar el por qu\u00e9 de ese resarcimiento, Bragarnik sostuvo que es porque <strong>\u00abpuede quedarse con el pase en su poder\u00bb<\/strong>. As\u00ed, parece complicarse la renovaci\u00f3n, sobre todo por la grave crisis econ\u00f3mica que deber\u00e1 afrontar el Rojo -y el f\u00fatbol argentino en general- por la situaci\u00f3n sanitaria que atraviesa el pa\u00eds.<\/em><\/p>\n<p style=\"text-align: justify;\"><em>De todas maneras, el agente del delantero asegur\u00f3 que sus intenciones son las de seguir dialogando con la gente del club de Avellaneda, para encontrarle una soluci\u00f3n a la situaci\u00f3n: <strong>\u00abMi idea y la de Leandro, antes de hacer algo, es volver a hablar con Independiente. Parece que cuanto m\u00e1s pasa el tiempo, m\u00e1s es a favor del jugador, pero queremos que pase esto, reunirnos y evaluar qu\u00e9 hacer. Mi postura es defender al jugador que represento\u00bb,<\/strong> cerr\u00f3.<\/em><\/p>\n","protected":false},"excerpt":{"rendered":"<div class=\"mh-excerpt\"><p>El representante del delantero de Independiente, cuyo contrato vence en junio, asegur\u00f3 que quieren volver a reunirse con el Rojo para resolver la cuesti\u00f3n, pero avis\u00f3 que buscar\u00e1n un resarcimiento para renovar. El delantero de <a class=\"mh-excerpt-more\" href=\"https:\/\/www.masrojo.com.ar\/home\/2020\/05\/02\/bragarnik-se-refirio-al-futuro-de-leandro-fernandez\/\" title=\"Bragarnik se refiri\u00f3 al futuro de Leandro Fern\u00e1ndez\">[&#8230;]<\/a><\/p>\n<\/div>","protected":false},"author":6,"featured_media":0,"comment_status":"closed","ping_status":"closed","sticky":false,"template":"","format":"image","meta":{"_jetpack_memberships_contains_paid_content":false,"footnotes":"","jetpack_publicize_message":"","jetpack_publicize_feature_enabled":true,"jetpack_social_post_already_shared":true,"jetpack_social_options":{"image_generator_settings":{"template":"highway","enabled":false},"version":2}},"categories":[4],"tags":[],"class_list":{"0":"post-39434","1":"post","2":"type-post","3":"status-publish","4":"format-image","6":"category-actualidad","7":"post_format-post-format-image"},"jetpack_publicize_connections":[],"jetpack_sharing_enabled":true,"jetpack_featured_media_url":"","jetpack_shortlink":"https:\/\/wp.me\/p90W9F-ag2","_links":{"self":[{"href":"https:\/\/www.masrojo.com.ar\/home\/wp-json\/wp\/v2\/posts\/39434"}],"collection":[{"href":"https:\/\/www.masrojo.com.ar\/home\/wp-json\/wp\/v2\/posts"}],"about":[{"href":"https:\/\/www.masrojo.com.ar\/home\/wp-json\/wp\/v2\/types\/post"}],"author":[{"embeddable":true,"href":"https:\/\/www.masrojo.com.ar\/home\/wp-json\/wp\/v2\/users\/6"}],"replies":[{"embeddable":true,"href":"https:\/\/www.masrojo.com.ar\/home\/wp-json\/wp\/v2\/comments?post=39434"}],"version-history":[{"count":1,"href":"https:\/\/www.masrojo.com.ar\/home\/wp-json\/wp\/v2\/posts\/39434\/revisions"}],"predecessor-version":[{"id":39440,"href":"https:\/\/www.masrojo.com.ar\/home\/wp-json\/wp\/v2\/posts\/39434\/revisions\/39440"}],"wp:attachment":[{"href":"https:\/\/www.masrojo.com.ar\/home\/wp-json\/wp\/v2\/media?parent=39434"}],"wp:term":[{"taxonomy":"category","embeddable":true,"href":"https:\/\/www.masrojo.com.ar\/home\/wp-json\/wp\/v2\/categories?post=39434"},{"taxonomy":"post_tag","embeddable":true,"href":"https:\/\/www.masrojo.com.ar\/home\/wp-json\/wp\/v2\/tags?post=39434"}],"curies":[{"name":"wp","href":"https:\/\/api.w.org\/{rel}","templated":true}]}}