{"id":39443,"date":"2020-05-04T09:11:01","date_gmt":"2020-05-04T12:11:01","guid":{"rendered":"https:\/\/www.masrojo.com.ar\/home\/?p=39443"},"modified":"2020-05-04T09:11:01","modified_gmt":"2020-05-04T12:11:01","slug":"hay-jugadores-que-hace-2-anos-que-estan-de-vacaciones","status":"publish","type":"post","link":"https:\/\/www.masrojo.com.ar\/home\/2020\/05\/04\/hay-jugadores-que-hace-2-anos-que-estan-de-vacaciones\/","title":{"rendered":"\u00abHAY JUGADORES QUE HACE 2 A\u00d1OS QUE EST\u00c1N DE VACACIONES\u00bb"},"content":{"rendered":"<p style=\"text-align: justify;\"><em>El secretario general de Independiente H\u00e9ctor Maldonado, tuvo fuertes declaraciones en el programa Independiente de Am\u00e9rica a ra\u00edz de los atrasos en el pago de los sueldos a los jugadores del plantel profesional.<\/em><\/p>\n<p style=\"text-align: justify;\">\n<p style=\"text-align: justify;\"><em>\u00ab<strong>Fuimos haciendo algunos pagos parciales. Los sueldos altos nos desequilibraron la econom\u00eda. La devaluaci\u00f3n gener\u00f3 muchos problemas econ\u00f3micos en la mayor\u00eda de los clubes\u00bb, <\/strong>explic\u00f3 el dirigente.<\/em><\/p>\n<p style=\"text-align: justify;\"><em>A su vez, Yoyo critic\u00f3 duramente a algunos futbolistas: \u00ab<strong>Tenemos jugadores que cobran sueldos en d\u00f3lares y hace dos a\u00f1os que est\u00e1n de vacaciones\u00bb<\/strong>.<\/em><\/p>\n<p style=\"text-align: justify;\"><em>Consultado sobre cuanto es lo que adeuda el club dijo que \u00a0\u201cEs aproximadamente 120 millones de pesos, con no m\u00e1s de 12 jugadores\u201d, y explic\u00f3:\u00a0\u201cMa\u00f1ana me voy a reunir con Hugo Moyano y despu\u00e9s con Silvio Romero para evaluar estas cuestione. Evidentemente se nos desequilibr\u00f3\u201d.<\/em><\/p>\n<p style=\"text-align: justify;\"><em>En cuanto a la medida que los jugadores van a tomar dijo que \u00bb <strong>Los jugadores est\u00e1n en una posici\u00f3n de mandar cartas documento de cualquier forma. No s\u00e9 si estar\u00e1n incentivados por alguien. No lo s\u00e9. Ma\u00f1ana me re\u00fano con Hugo Moyano para ver c\u00f3mo seguimos. Vamos a defender el patrimonio del club. Luego hablar\u00e9 con Silvio Romero\u00bb<\/strong>.<\/em><\/p>\n<p style=\"text-align: justify;\"><em>Adem\u00e1s se refiri\u00f3 a la situaci\u00f3n respecto de la renovaci\u00f3n del contrato de Leandro Fern\u00e1ndez: <strong>\u00abHoy habl\u00e9 con su representante (Christian Bragarnik) para ver si podemos entre todos acortar las diferencias para la renovaci\u00f3n del contrato\u201d. y cerr\u00f3:\u00a0\u201cAhora est\u00e1 m\u00e1s flexible todo\u00bb.<\/strong><\/em><\/p>\n<p style=\"text-align: justify;\"><em>En relaci\u00f3n a como se encuentra la econom\u00eda del f\u00fatbol argentino producto de la pandemia dijo que \u00ab<strong>Tiene que venir una decisi\u00f3n del Gobierno o de la AFA para solucionar el tema de la econom\u00eda en el f\u00fatbol. Se tiene que dar una negociaci\u00f3n entre dirigentes, AFA y Agremiados para brindar una soluci\u00f3n en este momento\u00bb.<\/strong><\/em><\/p>\n<p><iframe loading=\"lazy\" width=\"100%\" height=\"65px\" scrolling=\"no\" frameborder=\"no\" src=\"\/\/radiocut.fm\/audiocut\/embed\/mini\/independiente-maldonado-apunto-a-jugadores\/\" ><\/iframe><\/p>\n","protected":false},"excerpt":{"rendered":"<div class=\"mh-excerpt\"><p>El secretario general de Independiente H\u00e9ctor Maldonado, tuvo fuertes declaraciones en el programa Independiente de Am\u00e9rica a ra\u00edz de los atrasos en el pago de los sueldos a los jugadores del plantel profesional. \u00abFuimos haciendo <a class=\"mh-excerpt-more\" href=\"https:\/\/www.masrojo.com.ar\/home\/2020\/05\/04\/hay-jugadores-que-hace-2-anos-que-estan-de-vacaciones\/\" title=\"\u00abHAY JUGADORES QUE HACE 2 A\u00d1OS QUE EST\u00c1N DE VACACIONES\u00bb\">[&#8230;]<\/a><\/p>\n<\/div>","protected":false},"author":6,"featured_media":39444,"comment_status":"closed","ping_status":"closed","sticky":false,"template":"","format":"audio","meta":{"_jetpack_memberships_contains_paid_content":false,"footnotes":"","jetpack_publicize_message":"","jetpack_publicize_feature_enabled":true,"jetpack_social_post_already_shared":true,"jetpack_social_options":{"image_generator_settings":{"template":"highway","enabled":false},"version":2}},"categories":[4],"tags":[],"class_list":{"0":"post-39443","1":"post","2":"type-post","3":"status-publish","4":"format-audio","5":"has-post-thumbnail","7":"category-actualidad","8":"post_format-post-format-audio"},"jetpack_publicize_connections":[],"jetpack_sharing_enabled":true,"jetpack_featured_media_url":"https:\/\/i0.wp.com\/www.masrojo.com.ar\/home\/wp-content\/uploads\/YOYO.jpg?fit=512%2C356&ssl=1","jetpack_shortlink":"https:\/\/wp.me\/p90W9F-agb","_links":{"self":[{"href":"https:\/\/www.masrojo.com.ar\/home\/wp-json\/wp\/v2\/posts\/39443"}],"collection":[{"href":"https:\/\/www.masrojo.com.ar\/home\/wp-json\/wp\/v2\/posts"}],"about":[{"href":"https:\/\/www.masrojo.com.ar\/home\/wp-json\/wp\/v2\/types\/post"}],"author":[{"embeddable":true,"href":"https:\/\/www.masrojo.com.ar\/home\/wp-json\/wp\/v2\/users\/6"}],"replies":[{"embeddable":true,"href":"https:\/\/www.masrojo.com.ar\/home\/wp-json\/wp\/v2\/comments?post=39443"}],"version-history":[{"count":1,"href":"https:\/\/www.masrojo.com.ar\/home\/wp-json\/wp\/v2\/posts\/39443\/revisions"}],"predecessor-version":[{"id":39450,"href":"https:\/\/www.masrojo.com.ar\/home\/wp-json\/wp\/v2\/posts\/39443\/revisions\/39450"}],"wp:featuredmedia":[{"embeddable":true,"href":"https:\/\/www.masrojo.com.ar\/home\/wp-json\/wp\/v2\/media\/39444"}],"wp:attachment":[{"href":"https:\/\/www.masrojo.com.ar\/home\/wp-json\/wp\/v2\/media?parent=39443"}],"wp:term":[{"taxonomy":"category","embeddable":true,"href":"https:\/\/www.masrojo.com.ar\/home\/wp-json\/wp\/v2\/categories?post=39443"},{"taxonomy":"post_tag","embeddable":true,"href":"https:\/\/www.masrojo.com.ar\/home\/wp-json\/wp\/v2\/tags?post=39443"}],"curies":[{"name":"wp","href":"https:\/\/api.w.org\/{rel}","templated":true}]}}