{"id":39451,"date":"2020-05-04T19:16:33","date_gmt":"2020-05-04T22:16:33","guid":{"rendered":"https:\/\/www.masrojo.com.ar\/home\/?p=39451"},"modified":"2020-05-04T19:16:33","modified_gmt":"2020-05-04T22:16:33","slug":"romero-vamos-a-recurrir-a-la-via-legal","status":"publish","type":"post","link":"https:\/\/www.masrojo.com.ar\/home\/2020\/05\/04\/romero-vamos-a-recurrir-a-la-via-legal\/","title":{"rendered":"Romero: \u00abVamos a recurrir a la v\u00eda legal\u00bb"},"content":{"rendered":"<h1 class=\"newsfull__title\" style=\"text-align: justify;\">Dur\u00edsima determinaci\u00f3n de los jugadores de Independiente: Silvio Romero confirm\u00f3 que intimar\u00e1n al club<\/h1>\n<div class=\"newsfull__excerpt\">\n<p style=\"text-align: justify;\">El delantero y capit\u00e1n del equipo confirm\u00f3 que ir\u00e1n por la v\u00eda legal para reclamar por las deudas que existen con el plantel<\/p>\n<p style=\"text-align: justify;\">La relaci\u00f3n entre los jugadores de Independiente y la dirigencia parece haberse roto definitivamente. En el \u00faltimo tiempo, el plantel viene reclamando por deudas atrasadas aunque no recib\u00edan la respuesta esperada por parte del club.<\/p>\n<p style=\"text-align: justify;\">Lejos de buscar un acercamiento, el Secretario del club, Yoyo Maldonado avis\u00f3 hoy que \u00abtenemos jugadores que cobran sueldos en d\u00f3lares y hace dos a\u00f1os est\u00e1n de vacaciones\u00bb. Silvio Romero, capit\u00e1n del equipo, tom\u00f3 la palabra en radio La Red y avis\u00f3 que \u00aben este tema no se metieron los Moyano, yo no he tenido di\u00e1logo con ellos\u00bb.<\/p>\n<p style=\"text-align: justify;\">Adem\u00e1s, el atacante explic\u00f3 que \u00abhay chicos que les deben desde el a\u00f1o pasado\u00bb mientra que el \u00abel grupo se ha bancado estos meses pr\u00e1cticamente sin cobrar. Estamos todos en el barco\u00bb.<\/p>\n<p style=\"text-align: justify;\">El goleador avis\u00f3 tambi\u00e9n que \u00ablamentablemente llegamos a esta situaci\u00f3n que se viene acarreando desde diciembre e incluso desde antes. No es el momento indicado por todo lo que est\u00e1 pasando, pero esto viene desde mucho antes de la pandemia y de que el futbol se parara. El grupo tom\u00f3 la decisi\u00f3n de adoptar esta medida gremial para reclamar lo que se est\u00e1 adeudando. Vamos a reclamar hasta antes del comienzo de la pandemia. Sobre lo posterior todav\u00eda no nos pusimos de acuerdo\u00bb.<\/p>\n<p style=\"text-align: justify;\">De esta manera, Romero confirm\u00f3 que \u00abel grupo tom\u00f3 la decisi\u00f3n de ir por la v\u00eda legal de reclamar lo que se est\u00e1 adeudando\u00bb. Tras estas declaraciones, en las pr\u00f3ximas horas podr\u00edan llegar a Independiente 12 cartas documentos de parte de los futbolistas que buscan cobrar lo adeudado.<\/p>\n<p style=\"text-align: justify;\">Si no reciben respuesta en 72 horas podr\u00edan quedar libres de acci\u00f3n aunque Romero advirti\u00f3 que \u00abno queremos quedar libres, sino pedir que nos paguen lo que nos deben\u00bb. Por si fuera poco, Romero explic\u00f3 que la deuda que se mantiene con el plantel asciende a cerca de 200 millones de pesos y que hay 18 o 19 jugadores con los que se mantiene una deuda.<\/p>\n<p><iframe loading=\"lazy\" width=\"100%\" height=\"65px\" scrolling=\"no\" frameborder=\"no\" src=\"\/\/radiocut.fm\/audiocut\/embed\/mini\/independiente-silvio-romero-y-intimacion-pago-1\/\" ><\/iframe><\/p>\n","protected":false},"excerpt":{"rendered":"<div class=\"mh-excerpt\"><p>Dur\u00edsima determinaci\u00f3n de los jugadores de Independiente: Silvio Romero confirm\u00f3 que intimar\u00e1n al club El delantero y capit\u00e1n del equipo confirm\u00f3 que ir\u00e1n por la v\u00eda legal para reclamar por las deudas que existen con <a class=\"mh-excerpt-more\" href=\"https:\/\/www.masrojo.com.ar\/home\/2020\/05\/04\/romero-vamos-a-recurrir-a-la-via-legal\/\" title=\"Romero: \u00abVamos a recurrir a la v\u00eda legal\u00bb\">[&#8230;]<\/a><\/p>\n<\/div>","protected":false},"author":6,"featured_media":0,"comment_status":"closed","ping_status":"closed","sticky":false,"template":"","format":"image","meta":{"_jetpack_memberships_contains_paid_content":false,"footnotes":"","jetpack_publicize_message":"","jetpack_publicize_feature_enabled":true,"jetpack_social_post_already_shared":true,"jetpack_social_options":{"image_generator_settings":{"template":"highway","enabled":false},"version":2}},"categories":[4],"tags":[],"class_list":{"0":"post-39451","1":"post","2":"type-post","3":"status-publish","4":"format-image","6":"category-actualidad","7":"post_format-post-format-image"},"jetpack_publicize_connections":[],"jetpack_sharing_enabled":true,"jetpack_featured_media_url":"","jetpack_shortlink":"https:\/\/wp.me\/p90W9F-agj","_links":{"self":[{"href":"https:\/\/www.masrojo.com.ar\/home\/wp-json\/wp\/v2\/posts\/39451"}],"collection":[{"href":"https:\/\/www.masrojo.com.ar\/home\/wp-json\/wp\/v2\/posts"}],"about":[{"href":"https:\/\/www.masrojo.com.ar\/home\/wp-json\/wp\/v2\/types\/post"}],"author":[{"embeddable":true,"href":"https:\/\/www.masrojo.com.ar\/home\/wp-json\/wp\/v2\/users\/6"}],"replies":[{"embeddable":true,"href":"https:\/\/www.masrojo.com.ar\/home\/wp-json\/wp\/v2\/comments?post=39451"}],"version-history":[{"count":1,"href":"https:\/\/www.masrojo.com.ar\/home\/wp-json\/wp\/v2\/posts\/39451\/revisions"}],"predecessor-version":[{"id":39457,"href":"https:\/\/www.masrojo.com.ar\/home\/wp-json\/wp\/v2\/posts\/39451\/revisions\/39457"}],"wp:attachment":[{"href":"https:\/\/www.masrojo.com.ar\/home\/wp-json\/wp\/v2\/media?parent=39451"}],"wp:term":[{"taxonomy":"category","embeddable":true,"href":"https:\/\/www.masrojo.com.ar\/home\/wp-json\/wp\/v2\/categories?post=39451"},{"taxonomy":"post_tag","embeddable":true,"href":"https:\/\/www.masrojo.com.ar\/home\/wp-json\/wp\/v2\/tags?post=39451"}],"curies":[{"name":"wp","href":"https:\/\/api.w.org\/{rel}","templated":true}]}}