{"id":39688,"date":"2020-05-15T09:17:26","date_gmt":"2020-05-15T12:17:26","guid":{"rendered":"https:\/\/www.masrojo.com.ar\/home\/?p=39688"},"modified":"2020-05-15T09:18:31","modified_gmt":"2020-05-15T12:18:31","slug":"el-retiro-de-la-10-seria-algo-glorioso-para-el-club","status":"publish","type":"post","link":"https:\/\/www.masrojo.com.ar\/home\/2020\/05\/15\/el-retiro-de-la-10-seria-algo-glorioso-para-el-club\/","title":{"rendered":"\u00abEl retiro de la 10 ser\u00eda algo glorioso para el club\u00bb"},"content":{"rendered":"<p style=\"text-align: justify;\">Un ex jugador de Independiente afirm\u00f3 que deber\u00edan retirar la camiseta n\u00famero 10<\/p>\n<p style=\"text-align: justify;\">En un Instagram Live con Nacho Rivarola, Patricio Rodr\u00edguez dej\u00f3 varios recuerdos de su paso por Independiente.<\/p>\n<p style=\"text-align: justify;\">\u00abLa Sudamericana 2010 fue lo m\u00e1s grande que me pas\u00f3 en mi carrera. Nunca m\u00e1s sent\u00ed esa emoci\u00f3n al ganar un t\u00edtulo. Salir campe\u00f3n fue algo inexplicable.\u00bb<\/p>\n<p style=\"text-align: justify;\">\u00abLos penales en la final los viv\u00ed adentro del vestuario. No quer\u00eda saber nada. Cuando v\u00ed que ganamos sal\u00ed corriendo al campo de juego y me tir\u00e9 en el pasto\u00bb.<\/p>\n<p style=\"text-align: justify;\">\u00abEntre el plantel campe\u00f3n del 2010 y el del 2017 encuentro todas las diferencias posibles. El \u00faltimo era candidato, jugaba bien al f\u00fatbol, ten\u00edan una identidad. Lo nuestro era sacrificio y entrega con el Turco Mohamed Ten\u00edamos el poder de jugar siempre al l\u00edmite\u00bb.<\/p>\n<p><img data-recalc-dims=\"1\" decoding=\"async\" class=\"aligncenter\" src=\"https:\/\/i0.wp.com\/secureservercdn.net\/198.71.233.44\/573.834.myftpupload.com\/wp-content\/uploads\/2020\/02\/patito.jpg?ssl=1\" alt=\"El Pato Rodr\u00edguez explot\u00f3 contra los cr\u00edticos de Independiente ...\" \/><\/p>\n<p style=\"text-align: justify;\">\u00abTienen que sacar la camiseta \u00ab10\u00bb en Independiente. Significa mucho para el club y la gente vive a la expectativa de que se cumpla cierto rendimiento de qui\u00e9n la usa, que \u00fanicamente lo consigui\u00f3 una de los mejores jugadores en la historia del f\u00fatbol argentino, como es Bochini. Luego apareci\u00f3 Ag\u00fcero, tambi\u00e9n. Pero esos jugadores aparecen una vez cada a\u00f1os\u00bb<\/p>\n<p style=\"text-align: justify;\">\u00abGenerar esas expectativas y cargar de presi\u00f3n a los chicos que surgen o que llegan desde afuera, al usar esa camiseta, en el jugador genera una presi\u00f3n extra m\u00e1s que otra cosa. Me parece que es cargarle una mochila innecesaria a los jugadores\u00bb.<\/p>\n<p style=\"text-align: justify;\">\u00abEl retiro de la 10 ser\u00eda algo glorioso para el club\u00bb<\/p>\n<p>\u00abDe chiquito estuve 6 meses jugando en Racing y mi primer partido fue, casualmente, en la Doble Visera. Fue un presagio&#8230; Entre risas \u00bb<\/p>\n<p>\u00abMe prob\u00e9 en Boca, cuando no ten\u00eda minutos de juego en las inferiores de Independiente y Madoni me dijo que hab\u00eda quedado, que me quer\u00edan en Boca, pero Independiente no me quiso dar el pase en ese momento\u00bb<\/p>\n","protected":false},"excerpt":{"rendered":"<div class=\"mh-excerpt\"><p>Un ex jugador de Independiente afirm\u00f3 que deber\u00edan retirar la camiseta n\u00famero 10 En un Instagram Live con Nacho Rivarola, Patricio Rodr\u00edguez dej\u00f3 varios recuerdos de su paso por Independiente. \u00abLa Sudamericana 2010 fue lo <a class=\"mh-excerpt-more\" href=\"https:\/\/www.masrojo.com.ar\/home\/2020\/05\/15\/el-retiro-de-la-10-seria-algo-glorioso-para-el-club\/\" title=\"\u00abEl retiro de la 10 ser\u00eda algo glorioso para el club\u00bb\">[&#8230;]<\/a><\/p>\n<\/div>","protected":false},"author":6,"featured_media":0,"comment_status":"closed","ping_status":"closed","sticky":false,"template":"","format":"standard","meta":{"_jetpack_memberships_contains_paid_content":false,"footnotes":"","jetpack_publicize_message":"","jetpack_publicize_feature_enabled":true,"jetpack_social_post_already_shared":true,"jetpack_social_options":{"image_generator_settings":{"template":"highway","enabled":false},"version":2}},"categories":[4],"tags":[],"class_list":{"0":"post-39688","1":"post","2":"type-post","3":"status-publish","4":"format-standard","6":"category-actualidad"},"jetpack_publicize_connections":[],"jetpack_sharing_enabled":true,"jetpack_featured_media_url":"","jetpack_shortlink":"https:\/\/wp.me\/p90W9F-ak8","_links":{"self":[{"href":"https:\/\/www.masrojo.com.ar\/home\/wp-json\/wp\/v2\/posts\/39688"}],"collection":[{"href":"https:\/\/www.masrojo.com.ar\/home\/wp-json\/wp\/v2\/posts"}],"about":[{"href":"https:\/\/www.masrojo.com.ar\/home\/wp-json\/wp\/v2\/types\/post"}],"author":[{"embeddable":true,"href":"https:\/\/www.masrojo.com.ar\/home\/wp-json\/wp\/v2\/users\/6"}],"replies":[{"embeddable":true,"href":"https:\/\/www.masrojo.com.ar\/home\/wp-json\/wp\/v2\/comments?post=39688"}],"version-history":[{"count":1,"href":"https:\/\/www.masrojo.com.ar\/home\/wp-json\/wp\/v2\/posts\/39688\/revisions"}],"predecessor-version":[{"id":39695,"href":"https:\/\/www.masrojo.com.ar\/home\/wp-json\/wp\/v2\/posts\/39688\/revisions\/39695"}],"wp:attachment":[{"href":"https:\/\/www.masrojo.com.ar\/home\/wp-json\/wp\/v2\/media?parent=39688"}],"wp:term":[{"taxonomy":"category","embeddable":true,"href":"https:\/\/www.masrojo.com.ar\/home\/wp-json\/wp\/v2\/categories?post=39688"},{"taxonomy":"post_tag","embeddable":true,"href":"https:\/\/www.masrojo.com.ar\/home\/wp-json\/wp\/v2\/tags?post=39688"}],"curies":[{"name":"wp","href":"https:\/\/api.w.org\/{rel}","templated":true}]}}