{"id":39809,"date":"2020-05-20T05:41:28","date_gmt":"2020-05-20T08:41:28","guid":{"rendered":"https:\/\/www.masrojo.com.ar\/home\/?p=39809"},"modified":"2020-05-20T07:18:26","modified_gmt":"2020-05-20T10:18:26","slug":"le-agradeci-a-dios-no-haberme-hecho-volver-porque-estaria-en-lio","status":"publish","type":"post","link":"https:\/\/www.masrojo.com.ar\/home\/2020\/05\/20\/le-agradeci-a-dios-no-haberme-hecho-volver-porque-estaria-en-lio\/","title":{"rendered":"\u00abLe agradec\u00ed a Dios no haberme hecho volver porque estar\u00eda en l\u00edo\u00bb"},"content":{"rendered":"<div class=\"articleTop\">\n<p class=\"bajada\" style=\"text-align: justify;\">El mediocampista cont\u00f3 que le hab\u00eda dado el s\u00ed al Rojo, pero no se hizo y hoy agradece por todos los problemas que hay en el f\u00fatbol argentino. Cont\u00f3 en Presi\u00f3n Alta la conversaci\u00f3n con el exmanager de Boca y afirm\u00f3: \u201cVolver a corto plazo ser\u00eda una locura\u201d.<\/p>\n<\/div>\n<div class=\"articleMedia\">\n<p class=\"image\" style=\"text-align: justify;\"><picture><source srcset=\"https:\/\/media.tycsports.com\/files\/2019\/05\/29\/56206\/mancuello_416x234.jpg?v=1\" media=\"(max-width: 480px) \" data-srcset=\"https:\/\/media.tycsports.com\/files\/2019\/05\/29\/56206\/mancuello_416x234.jpg?v=1\" \/><\/picture><\/p>\n<div>\n<p class=\"capital\" style=\"text-align: justify;\">Federico Mancuello\u00a0pas\u00f3 por\u00a0Presi\u00f3n Alta\u00a0y se refiri\u00f3 a su posible vuelta al f\u00fatbol argentino, que hace muy poco casi se da pero que ahora parece lejana seg\u00fan las declaraciones del mediocampista.<\/p>\n<div id=\"inline\" data-google-query-id=\"CL2Wg_6RwukCFRAEuQYdLLkHQg\">\n<div id=\"google_ads_iframe_\/125006397\/tyc\/nota\/inline_0__container__\"><\/div>\n<\/div>\n<p style=\"text-align: justify;\">Mancuello afirm\u00f3 que lo llam\u00f3\u00a0Ariel Holan\u00a0en 2017 pero \u201cFlamengo no quiso\u201d, reconoci\u00f3 que tuvo la posibilidad de jugar en\u00a0San Lorenzo\u00a0cuando estaba\u00a0Jorge Almir\u00f3n\u00a0como entrenador aunque tampoco se pudo cerrar y expres\u00f3 que la chance m\u00e1s concreta la tuvo en el \u00faltimo mercado de pases: Independiente.<\/p>\n<p style=\"text-align: justify;\"><b>\u201cMi representante me coment\u00f3 la posibilidad y le dije que s\u00ed, que lo sorprendi\u00f3. Era un d\u00eda antes del cierre del libro de pases\u201d,<\/b>\u00a0explic\u00f3 el zurdo y cont\u00f3 que los dirigentes del Rojo quedaron en hablar con el t\u00e9cnico. Finalmente, lo llamaron para decirle que \u201cno iban a hacer uso del pr\u00e9stamo\u201d.<\/p>\n<div class=\"genoa-embed-content-929192 blur\">\n<div class=\"videojs vjs-fluid\">\n<div class=\"genoa-share\">\n<div id=\"share-button\"><\/div>\n<div id=\"share-screen\"><i class=\"fa fa-times fa-lg\" aria-hidden=\"true\"><\/i><\/p>\n<div id=\"social-share-box\"><i class=\"fa fa-square fa-stack-2x\"><\/i><i class=\"fa fa-facebook fa-stack-1x\"><\/i><\/p>\n<div id=\"sharing_url\"><\/div>\n<\/div>\n<\/div>\n<\/div>\n<div class=\"video-inner-container\">\n<div id=\"content-929192\" class=\"video-js vjs-big-play-centered vjs-paused vjs-fluid content-929192-dimensions vjs-controls-enabled vjs-workinghover vjs-v7 vjs-user-active vjs-hls-quality-selector\" lang=\"es\" tabindex=\"-1\" role=\"region\" aria-label=\"Video Player\">Mancuello, adem\u00e1s, admiti\u00f3 que <b>Boca\u00a0<\/b>tuvo la intenci\u00f3n de contratarlo:\u00a0<b>\u201cEstaba en Cruzeiro y (Nicol\u00e1s) Burdisso me llam\u00f3 por tel\u00e9fono expres\u00e1ndome esta posibilidad. Obviamente, le dije que se trataba de un equipo muy grande, muy importante de Argentina y lo iba a tener en cuenta.<\/b>\u00a0Lo \u00fanico que<b>\u00a0me pidi\u00f3 era tiempo<\/b>\u00a0porque estaba reestructurando el equipo\u201d.<\/div>\n<\/div>\n<\/div>\n<\/div>\n<div id=\"inline\"><\/div>\n<p style=\"text-align: justify;\">\u201cLe dije que los tiempos de los jugadores eran diferentes al de los clubes,\u00a0<b>yo como jugador sab\u00eda que Boca ten\u00eda en carpeta a 10 jugadores m\u00e1s porque es un equipo muy grande, entonces no era 100% concreto de que iba a ser el elegido. Sali\u00f3 la posibilidad de Toluca<\/b>, me comuniqu\u00e9 con Nicol\u00e1s y le expliqu\u00e9. Me dijo que hasta el momento no se hab\u00eda podido desprender de los jugadores del plantel, necesitaba un poco m\u00e1s de tiempo y me agradec\u00eda por mi honestidad y sinceridad\u201d, relat\u00f3.<\/p>\n<p style=\"text-align: justify;\">Sobre la fallida vuelta a Independiente, Mancuello admiti\u00f3 que \u201cantes si se daba esa situaci\u00f3n se habr\u00eda molestado mucho\u201d y reconoci\u00f3:\u00a0<b>\u201cCon el l\u00edo que hay en Argentina, creo que Dios me dijo quedate ac\u00e1. No es de ego\u00edsta, es una realidad que me ha pasado a m\u00ed\u201d.<\/b><\/p>\n<p style=\"text-align: justify;\"><b>\u201cVoy a volver a Independiente cuando las cosas est\u00e9n dadas, acomodadas para que sea un buen regreso y que todos lo podamos disfrutar\u201d,<\/b>\u00a0asegur\u00f3 Mancuello y cerr\u00f3:\u00a0<b>\u201cEsta vez le agradec\u00ed a Dios no haberme hecho volver porque estar\u00eda en l\u00edo. A corto plazo ser\u00eda una locura, sabemos de los problemas que tienen los clubes, no solo en Independiente, en todos los equipos\u201d.<\/b><\/p>\n<\/div>\n<\/div>\n","protected":false},"excerpt":{"rendered":"<div class=\"mh-excerpt\"><p>El mediocampista cont\u00f3 que le hab\u00eda dado el s\u00ed al Rojo, pero no se hizo y hoy agradece por todos los problemas que hay en el f\u00fatbol argentino. Cont\u00f3 en Presi\u00f3n Alta la conversaci\u00f3n con <a class=\"mh-excerpt-more\" href=\"https:\/\/www.masrojo.com.ar\/home\/2020\/05\/20\/le-agradeci-a-dios-no-haberme-hecho-volver-porque-estaria-en-lio\/\" title=\"\u00abLe agradec\u00ed a Dios no haberme hecho volver porque estar\u00eda en l\u00edo\u00bb\">[&#8230;]<\/a><\/p>\n<\/div>","protected":false},"author":6,"featured_media":0,"comment_status":"closed","ping_status":"closed","sticky":false,"template":"","format":"image","meta":{"_jetpack_memberships_contains_paid_content":false,"footnotes":"","jetpack_publicize_message":"","jetpack_publicize_feature_enabled":true,"jetpack_social_post_already_shared":true,"jetpack_social_options":{"image_generator_settings":{"template":"highway","enabled":false},"version":2}},"categories":[4],"tags":[],"class_list":{"0":"post-39809","1":"post","2":"type-post","3":"status-publish","4":"format-image","6":"category-actualidad","7":"post_format-post-format-image"},"jetpack_publicize_connections":[],"jetpack_sharing_enabled":true,"jetpack_featured_media_url":"","jetpack_shortlink":"https:\/\/wp.me\/p90W9F-am5","_links":{"self":[{"href":"https:\/\/www.masrojo.com.ar\/home\/wp-json\/wp\/v2\/posts\/39809"}],"collection":[{"href":"https:\/\/www.masrojo.com.ar\/home\/wp-json\/wp\/v2\/posts"}],"about":[{"href":"https:\/\/www.masrojo.com.ar\/home\/wp-json\/wp\/v2\/types\/post"}],"author":[{"embeddable":true,"href":"https:\/\/www.masrojo.com.ar\/home\/wp-json\/wp\/v2\/users\/6"}],"replies":[{"embeddable":true,"href":"https:\/\/www.masrojo.com.ar\/home\/wp-json\/wp\/v2\/comments?post=39809"}],"version-history":[{"count":2,"href":"https:\/\/www.masrojo.com.ar\/home\/wp-json\/wp\/v2\/posts\/39809\/revisions"}],"predecessor-version":[{"id":39816,"href":"https:\/\/www.masrojo.com.ar\/home\/wp-json\/wp\/v2\/posts\/39809\/revisions\/39816"}],"wp:attachment":[{"href":"https:\/\/www.masrojo.com.ar\/home\/wp-json\/wp\/v2\/media?parent=39809"}],"wp:term":[{"taxonomy":"category","embeddable":true,"href":"https:\/\/www.masrojo.com.ar\/home\/wp-json\/wp\/v2\/categories?post=39809"},{"taxonomy":"post_tag","embeddable":true,"href":"https:\/\/www.masrojo.com.ar\/home\/wp-json\/wp\/v2\/tags?post=39809"}],"curies":[{"name":"wp","href":"https:\/\/api.w.org\/{rel}","templated":true}]}}