{"id":39817,"date":"2020-05-20T05:52:50","date_gmt":"2020-05-20T08:52:50","guid":{"rendered":"https:\/\/www.masrojo.com.ar\/home\/?p=39817"},"modified":"2020-05-20T07:18:07","modified_gmt":"2020-05-20T10:18:07","slug":"tapia-reelecto-moyano-vice","status":"publish","type":"post","link":"https:\/\/www.masrojo.com.ar\/home\/2020\/05\/20\/tapia-reelecto-moyano-vice\/","title":{"rendered":"TAPIA REELECTO, MOYANO VICE"},"content":{"rendered":"<p style=\"text-align: justify;\">Por unanimidad, \u201cChiqui\u201d Tapia fue reelegido presidente de AFA hasta 2025 en una asamblea virtual. El ex titular de Barracas Central seguir\u00e1 a cargo en la sede de Viamonte, con la posibilidad de seguir hasta 2029.<\/p>\n<p style=\"text-align: justify;\">Tapia fue elegido por los 43 asamble\u00edstas a trav\u00e9s de una cumbre virtual. \u201cPor unanimidad\u201d, le dijeron a Clar\u00edn desde el entorno del jefe de la AFA. Incluso, con los votos de Roberto Sagra (San Mart\u00edn) y Andr\u00e9s Fassi (Talleres). El zar del juego tucumano hab\u00eda sido dur\u00edsimo con Chiqui. Incluso, contrat\u00f3 a un grupo de abogados para ir al TAS y reclamar por el Ascenso de su equipo, molesto por la reestructuraci\u00f3n de los campeonatos. El cordob\u00e9s hab\u00eda sido cr\u00edtico de la postura de armar un campeonato multitudinario (26 clubes en 2021, 28 en 2022) y suprimir los descensos.<\/p>\n<p style=\"text-align: justify;\">Sin embargo, todos alzaron la mano a trav\u00e9s del Zoom y Chiqui seguir\u00e1 al frente del sill\u00f3n que durante 35 a\u00f1os ocup\u00f3 Julio Grondona y es propiedad suya desde marzo de 2017, cuando sucedi\u00f3 a la Comisi\u00f3n Normalizadora de la FIFA encabezada por Armando P\u00e9rez, ex mandam\u00e1s de Belgrano. El ex conductor de Barracas Central, vicepresidente de la Ceamse y hombre que lleg\u00f3 al sill\u00f3n de Viamonte de la mano de su ex suegro Hugo Moyano, tendr\u00e1 el poder concentrado.<\/p>\n<p>No hab\u00eda dudas de que Tapia ser\u00eda electo, ya que la suya era la \u00fanica lista que se presentaba. El hecho es que se trat\u00f3 de una elecci\u00f3n sin votos.\u00a0<b>Carlos Monta\u00f1a, delegado de Independiente, propuso que la votaci\u00f3n se realizara \u00abpor aclamaci\u00f3n\u00bb.\u00a0<\/b>Con aplausos, en lugar de un botoncito en la tablet que la AFA les hab\u00eda dado a todos los participantes.<\/p>\n<figure id=\"attachment_39818\" aria-describedby=\"caption-attachment-39818\" style=\"width: 437px\" class=\"wp-caption aligncenter\"><img data-recalc-dims=\"1\" loading=\"lazy\" decoding=\"async\" class=\"wp-image-39818\" src=\"https:\/\/i0.wp.com\/www.masrojo.com.ar\/home\/wp-content\/uploads\/ferro-1.jpg?resize=437%2C304&#038;ssl=1\" alt=\"\" width=\"437\" height=\"304\" \/><figcaption id=\"caption-attachment-39818\" class=\"wp-caption-text\">Tapia junto a Carlos Monta\u00f1a, vice 2do del Rojo<\/figcaption><\/figure>\n<p>&nbsp;<\/p>\n<p style=\"text-align: justify;\">Lo acompa\u00f1ar\u00e1n seis vicepresidentes que no tendr\u00e1n orden ni escalaf\u00f3n. Una manera de no herir los susceptibles egos: el propio Moyano (Independiente), Marcelo Tinelli (San Lorenzo), Jorge Amor Ameal (Boca), Rodolfo D\u2019Onofrio (River), Marcelo Achile (Defensores de Belgrano) y Guillermo Raed (Mitre de Santiago del Estero) secundar\u00e1n al \u201cComandante\u201d. El apodo se lo puso Pablo Toviggino. El secretario ejecutivo de la presidencia, que este martes cumpli\u00f3 a\u00f1os, es el hombre de confianza del m\u00e1ximo dirigente y ser\u00e1 el encargado de administrar la tesorer\u00eda. Todo un s\u00edmbolo de que la distribuci\u00f3n del dinero pasar\u00e1 por la AFA y no por la Liga Profesional de F\u00fatbol. El secretario general ser\u00e1 V\u00edctor Blanco (Racing). En total, ser\u00e1n 33 dirigentes en el Comit\u00e9 Ejecutivo. La \u00fanica mujer es Luc\u00eda Barbuto, presidenta de Banfield, vocal suplente.<\/p>\n<p><img data-recalc-dims=\"1\" loading=\"lazy\" decoding=\"async\" class=\" wp-image-39819 aligncenter\" src=\"https:\/\/i0.wp.com\/www.masrojo.com.ar\/home\/wp-content\/uploads\/afa-20prensa-20afa-300x170.jpg?resize=600%2C340&#038;ssl=1\" alt=\"\" width=\"600\" height=\"340\" \/><\/p>\n<p style=\"text-align: justify;\">\u00bfQu\u00e9 har\u00e1 La LPF, entonces? Organizar\u00e1 los campeonatos de Primera Divisi\u00f3n y tendr\u00e1 cierta autonom\u00eda. Explotar\u00e1 comercialmente la imagen, el marketing y los derechos audiovisuales internacionales. Como la Superliga, pero sin el control de la caja, cuyo mayor ingreso ser\u00e1 el dinero de la televisi\u00f3n. Tinelli ser\u00e1 el presidente. Cristian Malaspina (Argentinos Juniors), Hern\u00e1n Arboleya (Lan\u00fas) y Mario Leito (Atl\u00e9tico Tucum\u00e1n), los vices 1\u00b0, 2\u00b0 y 3\u00b0 sin problemas de cartel. Sergio Rapisarda ser\u00e1 el secretario general. El presidente de V\u00e9lez tambi\u00e9n forma parte del Comit\u00e9 de la AFA como vocal titular.<\/p>\n<p style=\"text-align: justify;\">Hay detalles para analizar: Aldosivi, Arsenal, Central C\u00f3rdoba, Col\u00f3n y Patronato no tienen representantes en la Liga, pero podr\u00edan tomar alguno de los cargos. Blanco, Moyano, Ameal y D\u2019Onofrio forman parte de la mesa directiva. Racing, Boca e Independiente tienen dos vocales adicionales: los vicepresidentes Alfredo Chiodini y Roberto Dig\u00f3n y el secretario H\u00e9ctor Maldonado, respectivamente. San Lorenzo, adem\u00e1s de Tinelli, estar\u00e1 representado por el secretario Mario Mastrosimone.<\/p>\n<p style=\"text-align: justify;\">Tinelli ser\u00e1 la cara visible, pero hay dos funcionarios importantes en la articulaci\u00f3n: Eduardo Spinosa, ex presidente de Banfield, ser\u00e1 el director general, y Francisco Duarte, quien estaba a cargo de la administraci\u00f3n y finanzas en la Superliga, el CEO.<\/p>\n","protected":false},"excerpt":{"rendered":"<div class=\"mh-excerpt\"><p>Por unanimidad, \u201cChiqui\u201d Tapia fue reelegido presidente de AFA hasta 2025 en una asamblea virtual. El ex titular de Barracas Central seguir\u00e1 a cargo en la sede de Viamonte, con la posibilidad de seguir hasta <a class=\"mh-excerpt-more\" href=\"https:\/\/www.masrojo.com.ar\/home\/2020\/05\/20\/tapia-reelecto-moyano-vice\/\" title=\"TAPIA REELECTO, MOYANO VICE\">[&#8230;]<\/a><\/p>\n<\/div>","protected":false},"author":6,"featured_media":0,"comment_status":"closed","ping_status":"closed","sticky":false,"template":"","format":"image","meta":{"_jetpack_memberships_contains_paid_content":false,"footnotes":"","jetpack_publicize_message":"","jetpack_publicize_feature_enabled":true,"jetpack_social_post_already_shared":true,"jetpack_social_options":{"image_generator_settings":{"template":"highway","enabled":false},"version":2}},"categories":[4],"tags":[],"class_list":{"0":"post-39817","1":"post","2":"type-post","3":"status-publish","4":"format-image","6":"category-actualidad","7":"post_format-post-format-image"},"jetpack_publicize_connections":[],"jetpack_sharing_enabled":true,"jetpack_featured_media_url":"","jetpack_shortlink":"https:\/\/wp.me\/p90W9F-amd","_links":{"self":[{"href":"https:\/\/www.masrojo.com.ar\/home\/wp-json\/wp\/v2\/posts\/39817"}],"collection":[{"href":"https:\/\/www.masrojo.com.ar\/home\/wp-json\/wp\/v2\/posts"}],"about":[{"href":"https:\/\/www.masrojo.com.ar\/home\/wp-json\/wp\/v2\/types\/post"}],"author":[{"embeddable":true,"href":"https:\/\/www.masrojo.com.ar\/home\/wp-json\/wp\/v2\/users\/6"}],"replies":[{"embeddable":true,"href":"https:\/\/www.masrojo.com.ar\/home\/wp-json\/wp\/v2\/comments?post=39817"}],"version-history":[{"count":1,"href":"https:\/\/www.masrojo.com.ar\/home\/wp-json\/wp\/v2\/posts\/39817\/revisions"}],"predecessor-version":[{"id":39826,"href":"https:\/\/www.masrojo.com.ar\/home\/wp-json\/wp\/v2\/posts\/39817\/revisions\/39826"}],"wp:attachment":[{"href":"https:\/\/www.masrojo.com.ar\/home\/wp-json\/wp\/v2\/media?parent=39817"}],"wp:term":[{"taxonomy":"category","embeddable":true,"href":"https:\/\/www.masrojo.com.ar\/home\/wp-json\/wp\/v2\/categories?post=39817"},{"taxonomy":"post_tag","embeddable":true,"href":"https:\/\/www.masrojo.com.ar\/home\/wp-json\/wp\/v2\/tags?post=39817"}],"curies":[{"name":"wp","href":"https:\/\/api.w.org\/{rel}","templated":true}]}}