{"id":39827,"date":"2020-05-20T05:16:25","date_gmt":"2020-05-20T08:16:25","guid":{"rendered":"https:\/\/www.masrojo.com.ar\/home\/?p=39827"},"modified":"2020-05-20T07:17:58","modified_gmt":"2020-05-20T10:17:58","slug":"me-encantaria-volver-me-veo-mucho-mas-como-manager-de-independiente","status":"publish","type":"post","link":"https:\/\/www.masrojo.com.ar\/home\/2020\/05\/20\/me-encantaria-volver-me-veo-mucho-mas-como-manager-de-independiente\/","title":{"rendered":"\u00abMe encantar\u00eda volver, me veo mucho m\u00e1s como m\u00e1nager de Independiente\u00bb"},"content":{"rendered":"<div class=\"newsfull__excerpt\">\n<p style=\"text-align: justify;\">El ex delantero del Rojo no descart\u00f3 una vuelta a Avellaneda para asumir el rol de director deportivo, que hoy lo ocupa de manera reciente el campe\u00f3n del mundo Jorge Burruchaga.<\/p>\n<p style=\"text-align: justify;\">Mientras el f\u00fatbol est\u00e1 parado en casi todo el mundo por la pandemia de\u00a0<strong>coronavirus<\/strong>, algunos protagonistas aprovechan para dialogar con los medios de comunicaci\u00f3n. En esta oportunidad, el que dej\u00f3 frases importantes fue\u00a0<strong>Nicol\u00e1s Frutos<\/strong>, ex delantero de\u00a0<strong>Independiente<\/strong>. Entre otras cosas, manifest\u00f3 que le gustar\u00eda regresar a la instituci\u00f3n de Avellaneda, m\u00e1s all\u00e1 de que en este momento el rol que quisiera ocupar, est\u00e1 comandado por\u00a0<strong>Jorge Burruchaga<\/strong>, quien todav\u00eda no pudo ni empezar a trabajar porque apareci\u00f3 esta situaci\u00f3n de crisis sanitaria.<\/p>\n<div class=\"banner\">\n<div id=\"ad_rect_btf_01\" data-slot=\"1\" data-google-query-id=\"CJzU36eRwukCFTUG1AodAAEMMw\">\n<p style=\"text-align: justify;\"><strong>\u00abMe encantar\u00eda que los caminos se crucen y volver a estar en el club. Por como se vive el f\u00fatbol en Argentina y las necesidades de los clubes, me veo mucho m\u00e1s como m\u00e1nager de Independiente\u00bb, confes\u00f3. Sin embargo, agreg\u00f3: \u00abUno de los aciertos m\u00e1s grandes en Independiente fue la llegada de un director deportivo como\u00a0Burruchaga, creo que era hiper necesario en el club porque claramente se pon\u00eda en evidencia gestiones y decisiones que realmente eran para discutirlas\u00bb.<\/strong><\/p>\n<p style=\"text-align: justify;\"><strong>Por otra parte, se refiri\u00f3 a la Comisi\u00f3n Directiva del Rojo. \u00abCreo que las \u00faltimas puteadas en los \u00faltimos partidos, donde vi que criticaron un poco a\u00a0Moyano\u00a0y a su gesti\u00f3n, la gente perdi\u00f3 r\u00e1pido la memoria. No hago pol\u00edtica ni los estoy defendiendo para nada, porque pueden haber cometido errores. Independiente era una caldera, era un quilombo importante y esta gente resolvi\u00f3 muchas cosas m\u00e1s all\u00e1 de la problem\u00e1tica econ\u00f3mica que est\u00e1n atravesando en este momento, pero me parece que es algo que van a sacar adelante porque si lo levantaron en el momento cuando llegaron, es un deseo que tambi\u00e9n lo puedan lograr ahora\u00bb<\/strong>, coment\u00f3 Frutos en Crack Deportivo.<\/p>\n<p style=\"text-align: justify;\">Consultado por la vuelta de A\u00a8guero dijo que<strong>\u201cSi, claro que lo veo en Independiente claramente, no tengo dudas, ahora que lo haga \u00e9l solo tiene la respuesta, habr\u00eda que preguntarle a \u00e9l.<\/strong> Pero si lo veo, lo recontra veo, pero mi opini\u00f3n pasa m\u00e1s por el deseo que por el conocimiento que puedo tener de la situaci\u00f3n. En ese sentido un tipo con la gloria que ha logrado un jugador como Ag\u00fcero no tengo dudas de que puede sentir la espina de decir quiero llevar esto y hacerlo all\u00e1. Tal vez no con los mismos valores porque el contexto y el escenario es diferente pero si siendo protagonista, y eso no modifica la esencia.\u00a0<strong>\u00bfQu\u00e9 puede seducir su vuelta? Su deseo personal antes que nada. Creo que no hay que traerlo como una rueda de auxilio para resolver situaciones o tratar de que sea un empuj\u00f3n an\u00edmico institucional para construir algo, sino que es al rev\u00e9s, hay que construir algo para lo que el puede generar sea un plus que te permita conseguir algo. Tendr\u00eda que ser la frutilla del postre porque se lo merece \u00e9l\u201d<\/strong><\/p>\n<p><iframe loading=\"lazy\" src=\"https:\/\/www.youtube.com\/embed\/WSyrtl8hKyk\" width=\"560\" height=\"315\" frameborder=\"0\" allowfullscreen=\"allowfullscreen\"><\/iframe><\/p>\n<\/div>\n<\/div>\n<\/div>\n","protected":false},"excerpt":{"rendered":"<div class=\"mh-excerpt\"><p>El ex delantero del Rojo no descart\u00f3 una vuelta a Avellaneda para asumir el rol de director deportivo, que hoy lo ocupa de manera reciente el campe\u00f3n del mundo Jorge Burruchaga. Mientras el f\u00fatbol est\u00e1 <a class=\"mh-excerpt-more\" href=\"https:\/\/www.masrojo.com.ar\/home\/2020\/05\/20\/me-encantaria-volver-me-veo-mucho-mas-como-manager-de-independiente\/\" title=\"\u00abMe encantar\u00eda volver, me veo mucho m\u00e1s como m\u00e1nager de Independiente\u00bb\">[&#8230;]<\/a><\/p>\n<\/div>","protected":false},"author":6,"featured_media":0,"comment_status":"closed","ping_status":"closed","sticky":false,"template":"","format":"audio","meta":{"_jetpack_memberships_contains_paid_content":false,"footnotes":"","jetpack_publicize_message":"","jetpack_publicize_feature_enabled":true,"jetpack_social_post_already_shared":true,"jetpack_social_options":{"image_generator_settings":{"template":"highway","enabled":false},"version":2}},"categories":[4],"tags":[],"class_list":{"0":"post-39827","1":"post","2":"type-post","3":"status-publish","4":"format-audio","6":"category-actualidad","7":"post_format-post-format-audio"},"jetpack_publicize_connections":[],"jetpack_sharing_enabled":true,"jetpack_featured_media_url":"","jetpack_shortlink":"https:\/\/wp.me\/p90W9F-amn","_links":{"self":[{"href":"https:\/\/www.masrojo.com.ar\/home\/wp-json\/wp\/v2\/posts\/39827"}],"collection":[{"href":"https:\/\/www.masrojo.com.ar\/home\/wp-json\/wp\/v2\/posts"}],"about":[{"href":"https:\/\/www.masrojo.com.ar\/home\/wp-json\/wp\/v2\/types\/post"}],"author":[{"embeddable":true,"href":"https:\/\/www.masrojo.com.ar\/home\/wp-json\/wp\/v2\/users\/6"}],"replies":[{"embeddable":true,"href":"https:\/\/www.masrojo.com.ar\/home\/wp-json\/wp\/v2\/comments?post=39827"}],"version-history":[{"count":2,"href":"https:\/\/www.masrojo.com.ar\/home\/wp-json\/wp\/v2\/posts\/39827\/revisions"}],"predecessor-version":[{"id":39834,"href":"https:\/\/www.masrojo.com.ar\/home\/wp-json\/wp\/v2\/posts\/39827\/revisions\/39834"}],"wp:attachment":[{"href":"https:\/\/www.masrojo.com.ar\/home\/wp-json\/wp\/v2\/media?parent=39827"}],"wp:term":[{"taxonomy":"category","embeddable":true,"href":"https:\/\/www.masrojo.com.ar\/home\/wp-json\/wp\/v2\/categories?post=39827"},{"taxonomy":"post_tag","embeddable":true,"href":"https:\/\/www.masrojo.com.ar\/home\/wp-json\/wp\/v2\/tags?post=39827"}],"curies":[{"name":"wp","href":"https:\/\/api.w.org\/{rel}","templated":true}]}}