{"id":39835,"date":"2020-05-21T04:09:48","date_gmt":"2020-05-21T07:09:48","guid":{"rendered":"https:\/\/www.masrojo.com.ar\/home\/?p=39835"},"modified":"2020-05-21T04:09:48","modified_gmt":"2020-05-21T07:09:48","slug":"leandro-fernandez-hoy-no-esta-cerca-de-renovar","status":"publish","type":"post","link":"https:\/\/www.masrojo.com.ar\/home\/2020\/05\/21\/leandro-fernandez-hoy-no-esta-cerca-de-renovar\/","title":{"rendered":"\u00abLeandro Fern\u00e1ndez hoy no est\u00e1 cerca de renovar\u00bb"},"content":{"rendered":"<p style=\"text-align: justify;\"><strong>Cristian Bragarnik<\/strong> di\u00e1logo con los micr\u00f3fonos de <em>La Oral Deportiva<\/em> y se refiri\u00f3 a la situaci\u00f3n de <strong>Leandro Fern\u00e1ndez y Lucas Romero,<\/strong> representados suyos en Independiente.<\/p>\n<p style=\"text-align: justify;\">\u201c<em><strong>Es mentira que yo ofrec\u00ed a Leandro Fern\u00e1ndez a Rayados de Monterrey<\/strong>, antes de tomar cualquier decisi\u00f3n vamos a hablar con los directivos del club\u201d<\/em>, comenz\u00f3 el representante.<\/p>\n<p style=\"text-align: justify;\">A <strong>Leandro Fernandez<\/strong> se le vence el contrato a fines de julio, es por eso que debe renovar su v\u00ednculo si desea continuar en el club.<br \/>\n\u201c<em><strong>La realidad es que hoy no est\u00e1 muy cerca de continuar<\/strong>, pero no por mala predisposici\u00f3n de Independiente o del jugador\u201c<\/em>, agreg\u00f3.<\/p>\n<p style=\"text-align: justify;\">\u201c<em>Se est\u00e1 venciendo su contrato y\u00a0<strong>las pretensiones de Independiente no son las mismas que las de Leandro.<\/strong>\u00a0Si no hay decisi\u00f3n no es que Fern\u00e1ndez es un traidor, simplemente termina un contrato que dur\u00f3 m\u00e1s de cuatro a\u00f1os\u00bb<\/em>, explic\u00f3 Bragarnik.<\/p>\n<p style=\"text-align: justify;\">Adem\u00e1s, aclar\u00f3 que <strong>Lucas Romero<\/strong> <strong>es uno de los jugadores que envi\u00f3 una carta documento<\/strong> al club reclamando el pago salarial y deuda atrasada y que el club <strong>tiene 30 d\u00edas<\/strong> para abonar dicho dinero.<\/p>\n","protected":false},"excerpt":{"rendered":"<div class=\"mh-excerpt\"><p>Cristian Bragarnik di\u00e1logo con los micr\u00f3fonos de La Oral Deportiva y se refiri\u00f3 a la situaci\u00f3n de Leandro Fern\u00e1ndez y Lucas Romero, representados suyos en Independiente. \u201cEs mentira que yo ofrec\u00ed a Leandro Fern\u00e1ndez a <a class=\"mh-excerpt-more\" href=\"https:\/\/www.masrojo.com.ar\/home\/2020\/05\/21\/leandro-fernandez-hoy-no-esta-cerca-de-renovar\/\" title=\"\u00abLeandro Fern\u00e1ndez hoy no est\u00e1 cerca de renovar\u00bb\">[&#8230;]<\/a><\/p>\n<\/div>","protected":false},"author":4,"featured_media":0,"comment_status":"closed","ping_status":"closed","sticky":false,"template":"","format":"image","meta":{"_jetpack_memberships_contains_paid_content":false,"footnotes":"","jetpack_publicize_message":"#Indeoendiente \"Leandro Fern\u00e1ndez hoy no est\u00e1 cerca de renovar\"","jetpack_publicize_feature_enabled":true,"jetpack_social_post_already_shared":true,"jetpack_social_options":{"image_generator_settings":{"template":"highway","enabled":false},"version":2}},"categories":[4],"tags":[950,17,227,724],"class_list":{"0":"post-39835","1":"post","2":"type-post","3":"status-publish","4":"format-image","6":"category-actualidad","7":"tag-bragarnik","8":"tag-independiente","9":"tag-leandro-fernandez","10":"tag-lucas-romero","11":"post_format-post-format-image"},"jetpack_publicize_connections":[],"jetpack_sharing_enabled":true,"jetpack_featured_media_url":"","jetpack_shortlink":"https:\/\/wp.me\/p90W9F-amv","_links":{"self":[{"href":"https:\/\/www.masrojo.com.ar\/home\/wp-json\/wp\/v2\/posts\/39835"}],"collection":[{"href":"https:\/\/www.masrojo.com.ar\/home\/wp-json\/wp\/v2\/posts"}],"about":[{"href":"https:\/\/www.masrojo.com.ar\/home\/wp-json\/wp\/v2\/types\/post"}],"author":[{"embeddable":true,"href":"https:\/\/www.masrojo.com.ar\/home\/wp-json\/wp\/v2\/users\/4"}],"replies":[{"embeddable":true,"href":"https:\/\/www.masrojo.com.ar\/home\/wp-json\/wp\/v2\/comments?post=39835"}],"version-history":[{"count":1,"href":"https:\/\/www.masrojo.com.ar\/home\/wp-json\/wp\/v2\/posts\/39835\/revisions"}],"predecessor-version":[{"id":39841,"href":"https:\/\/www.masrojo.com.ar\/home\/wp-json\/wp\/v2\/posts\/39835\/revisions\/39841"}],"wp:attachment":[{"href":"https:\/\/www.masrojo.com.ar\/home\/wp-json\/wp\/v2\/media?parent=39835"}],"wp:term":[{"taxonomy":"category","embeddable":true,"href":"https:\/\/www.masrojo.com.ar\/home\/wp-json\/wp\/v2\/categories?post=39835"},{"taxonomy":"post_tag","embeddable":true,"href":"https:\/\/www.masrojo.com.ar\/home\/wp-json\/wp\/v2\/tags?post=39835"}],"curies":[{"name":"wp","href":"https:\/\/api.w.org\/{rel}","templated":true}]}}