{"id":39842,"date":"2020-05-21T09:27:26","date_gmt":"2020-05-21T12:27:26","guid":{"rendered":"https:\/\/www.masrojo.com.ar\/home\/?p=39842"},"modified":"2020-05-21T09:27:26","modified_gmt":"2020-05-21T12:27:26","slug":"holan-quiere-a-hernandez","status":"publish","type":"post","link":"https:\/\/www.masrojo.com.ar\/home\/2020\/05\/21\/holan-quiere-a-hernandez\/","title":{"rendered":"HOLAN QUIERE A HERN\u00c1NDEZ"},"content":{"rendered":"<p style=\"text-align: justify;\"><strong>Pablo Hern\u00e1ndez<\/strong> es pretendido para regresar al f\u00fatbol chileno para sumarse al plantel de la Universidad Cat\u00f3lica, dirigido por el ex entrenador del \u00abRojo\u00bb, <strong>Ariel Holan<\/strong>.<\/p>\n<p style=\"text-align: justify;\">El t\u00e9cnico argentino, que en su momento incorpor\u00f3 al mediocampista tucumano nacionalizado chileno a Independiente en junio de 2018, ahora est\u00e1 interesado en llevarlo para reforzar al equipo transandino para cuando se reanude el campeonato en Chile y para la Copa Libertadores, seg\u00fan inform\u00f3 el Canal de F\u00fatbol de ese pa\u00eds.<\/p>\n<p style=\"text-align: justify;\">Hern\u00e1ndez, de 30 a\u00f1os, con inicio en Atl\u00e9tico, tuvo un paso por O&#8217;Higgins de Rancagua en la temporada 2013\/14, con el que fue campe\u00f3n del torneo Apertura 2013 (lo dirig\u00eda el argentino\u00a0<strong>Eduardo Berizzo<\/strong>) y luego convocado a la selecci\u00f3n de Chile, por lo que sac\u00f3 la carta de ciudadan\u00eda de ese pa\u00eds.<\/p>\n<p style=\"text-align: justify;\" data-empty=\"true\">De acuerdo a trascendidos de allegados al jugador \u00abel &#8216;Tucu&#8217; no descarta esa posibilidad, teniendo en cuenta que tendr\u00eda a Holan de nuevo como entrenador.<\/p>\n<p style=\"text-align: justify;\">El volante, que fue adquirido por Independiente al Celta de Vigo espa\u00f1ol por un mill\u00f3n de d\u00f3lares y que ya est\u00e1 recuperado de la operaci\u00f3n por la rotura de los ligamentos cruzados de la rodilla derecha, ser\u00eda negociado por el \u00abDiablo\u00bb si la \u00abU\u00bb Cat\u00f3lica concreta su oferta para paliar la situaci\u00f3n econ\u00f3mica del club.<\/p>\n<p style=\"text-align: justify;\">Por el mismo que el lateral derecho\u00a0<strong>Fabricio Bustos<\/strong>\u00a0podr\u00eda continuar su carrera en Flamengo, de Brasil; el zaguero central\u00a0<strong>Alan Franco<\/strong>\u00a0lo har\u00eda en Los Angeles Galaxy de la MLS y el resto del plantel contar\u00eda con el\u00a0<em>cartel<\/em>\u00a0de transferible para que la dirigencia \u00abroja\u00bb eval\u00fae las propuestas que le lleguen en el pr\u00f3ximo mercado de pases.<\/p>\n","protected":false},"excerpt":{"rendered":"<div class=\"mh-excerpt\"><p>Pablo Hern\u00e1ndez es pretendido para regresar al f\u00fatbol chileno para sumarse al plantel de la Universidad Cat\u00f3lica, dirigido por el ex entrenador del \u00abRojo\u00bb, Ariel Holan. El t\u00e9cnico argentino, que en su momento incorpor\u00f3 al <a class=\"mh-excerpt-more\" href=\"https:\/\/www.masrojo.com.ar\/home\/2020\/05\/21\/holan-quiere-a-hernandez\/\" title=\"HOLAN QUIERE A HERN\u00c1NDEZ\">[&#8230;]<\/a><\/p>\n<\/div>","protected":false},"author":6,"featured_media":0,"comment_status":"closed","ping_status":"closed","sticky":false,"template":"","format":"image","meta":{"_jetpack_memberships_contains_paid_content":false,"footnotes":"","jetpack_publicize_message":"","jetpack_publicize_feature_enabled":true,"jetpack_social_post_already_shared":true,"jetpack_social_options":{"image_generator_settings":{"template":"highway","enabled":false},"version":2}},"categories":[4],"tags":[],"class_list":{"0":"post-39842","1":"post","2":"type-post","3":"status-publish","4":"format-image","6":"category-actualidad","7":"post_format-post-format-image"},"jetpack_publicize_connections":[],"jetpack_sharing_enabled":true,"jetpack_featured_media_url":"","jetpack_shortlink":"https:\/\/wp.me\/p90W9F-amC","_links":{"self":[{"href":"https:\/\/www.masrojo.com.ar\/home\/wp-json\/wp\/v2\/posts\/39842"}],"collection":[{"href":"https:\/\/www.masrojo.com.ar\/home\/wp-json\/wp\/v2\/posts"}],"about":[{"href":"https:\/\/www.masrojo.com.ar\/home\/wp-json\/wp\/v2\/types\/post"}],"author":[{"embeddable":true,"href":"https:\/\/www.masrojo.com.ar\/home\/wp-json\/wp\/v2\/users\/6"}],"replies":[{"embeddable":true,"href":"https:\/\/www.masrojo.com.ar\/home\/wp-json\/wp\/v2\/comments?post=39842"}],"version-history":[{"count":1,"href":"https:\/\/www.masrojo.com.ar\/home\/wp-json\/wp\/v2\/posts\/39842\/revisions"}],"predecessor-version":[{"id":39848,"href":"https:\/\/www.masrojo.com.ar\/home\/wp-json\/wp\/v2\/posts\/39842\/revisions\/39848"}],"wp:attachment":[{"href":"https:\/\/www.masrojo.com.ar\/home\/wp-json\/wp\/v2\/media?parent=39842"}],"wp:term":[{"taxonomy":"category","embeddable":true,"href":"https:\/\/www.masrojo.com.ar\/home\/wp-json\/wp\/v2\/categories?post=39842"},{"taxonomy":"post_tag","embeddable":true,"href":"https:\/\/www.masrojo.com.ar\/home\/wp-json\/wp\/v2\/tags?post=39842"}],"curies":[{"name":"wp","href":"https:\/\/api.w.org\/{rel}","templated":true}]}}