{"id":39883,"date":"2020-05-26T19:14:46","date_gmt":"2020-05-26T22:14:46","guid":{"rendered":"https:\/\/www.masrojo.com.ar\/home\/?p=39883"},"modified":"2020-05-26T19:14:46","modified_gmt":"2020-05-26T22:14:46","slug":"silva-se-quiere-ir-y-se-condisera-jugador-libre","status":"publish","type":"post","link":"https:\/\/www.masrojo.com.ar\/home\/2020\/05\/26\/silva-se-quiere-ir-y-se-condisera-jugador-libre\/","title":{"rendered":"SILVA SE QUIERE IR Y SE CONDISERA JUGADOR LIBRE"},"content":{"rendered":"<p style=\"text-align: justify;\">Gast\u00f3n Silva notific\u00f3 que se va libre por falta de pago<\/p>\n<p class=\"bajada\" style=\"text-align: justify;\">El defensor uruguayo mand\u00f3 una carta documento consider\u00e1ndose due\u00f1o de su pase por la deuda que mantienen con \u00e9l, tras la intimaci\u00f3n conjunta que hab\u00eda realizado tiempo atr\u00e1s y que el Rojo no respondi\u00f3.<\/p>\n<div class=\"share sticky\"><\/div>\n<div class=\"content\">\n<div class=\"body\">\n<p class=\"capital\" style=\"text-align: justify;\"><b>Gast\u00f3n Silva<\/b>\u00a0pate\u00f3 el tablero este martes al enviarle a\u00a0<b>Independiente\u00a0<\/b>una carta documento en la que notific\u00f3 que se considera jugador libre por falta de pago.<\/p>\n<div id=\"inline\"><\/div>\n<p style=\"text-align: justify;\"><b>Legalmente, la acci\u00f3n del defensor uruguayo es l\u00edcita<\/b>\u00a0debido a que la semana pasada ya hab\u00eda participado de la intimaci\u00f3n conjunta al club avisando lo que suceder\u00eda de no regularizar su situaci\u00f3n, y la instituci\u00f3n hab\u00eda dado acuse de recibo sin proceder al pago dentro de las 72 horas. Igual, fuentes oficiales a\u00fan niegan que la libertad de acci\u00f3n sea un hecho.<\/p>\n<p style=\"text-align: justify;\">Seg\u00fan trascendi\u00f3,<b>\u00a0la dirigencia hab\u00eda afirmado inicialmente que pagar\u00eda sus deudas la primera semana de junio, para retractarse luego y postergarlo para el 10<\/b>. Ello increment\u00f3 el malestar entre los afectados.<\/p>\n<p style=\"text-align: justify;\">Perder a Silva significar\u00eda para el conjunto de Avellaneda un golpe econ\u00f3mico, teniendo en cuenta que en su momento<b>\u00a0le compr\u00f3 el 80 por ciento de su pase a Torino de Italia y dilapidar\u00eda la inversi\u00f3n, adem\u00e1s de tener que abonar todo lo adeudado<\/b>. Para colmo, no se descarta que esta sea la piedra angular de un pedido de libertad de acci\u00f3n de otros integrantes del plantel en situaci\u00f3n similar.<\/p>\n<\/div>\n<\/div>\n","protected":false},"excerpt":{"rendered":"<div class=\"mh-excerpt\"><p>Gast\u00f3n Silva notific\u00f3 que se va libre por falta de pago El defensor uruguayo mand\u00f3 una carta documento consider\u00e1ndose due\u00f1o de su pase por la deuda que mantienen con \u00e9l, tras la intimaci\u00f3n conjunta que <a class=\"mh-excerpt-more\" href=\"https:\/\/www.masrojo.com.ar\/home\/2020\/05\/26\/silva-se-quiere-ir-y-se-condisera-jugador-libre\/\" title=\"SILVA SE QUIERE IR Y SE CONDISERA JUGADOR LIBRE\">[&#8230;]<\/a><\/p>\n<\/div>","protected":false},"author":6,"featured_media":0,"comment_status":"closed","ping_status":"closed","sticky":false,"template":"","format":"image","meta":{"_jetpack_memberships_contains_paid_content":false,"footnotes":"","jetpack_publicize_message":"","jetpack_publicize_feature_enabled":true,"jetpack_social_post_already_shared":true,"jetpack_social_options":{"image_generator_settings":{"template":"highway","enabled":false},"version":2}},"categories":[4],"tags":[],"class_list":{"0":"post-39883","1":"post","2":"type-post","3":"status-publish","4":"format-image","6":"category-actualidad","7":"post_format-post-format-image"},"jetpack_publicize_connections":[],"jetpack_sharing_enabled":true,"jetpack_featured_media_url":"","jetpack_shortlink":"https:\/\/wp.me\/p90W9F-anh","_links":{"self":[{"href":"https:\/\/www.masrojo.com.ar\/home\/wp-json\/wp\/v2\/posts\/39883"}],"collection":[{"href":"https:\/\/www.masrojo.com.ar\/home\/wp-json\/wp\/v2\/posts"}],"about":[{"href":"https:\/\/www.masrojo.com.ar\/home\/wp-json\/wp\/v2\/types\/post"}],"author":[{"embeddable":true,"href":"https:\/\/www.masrojo.com.ar\/home\/wp-json\/wp\/v2\/users\/6"}],"replies":[{"embeddable":true,"href":"https:\/\/www.masrojo.com.ar\/home\/wp-json\/wp\/v2\/comments?post=39883"}],"version-history":[{"count":1,"href":"https:\/\/www.masrojo.com.ar\/home\/wp-json\/wp\/v2\/posts\/39883\/revisions"}],"predecessor-version":[{"id":39889,"href":"https:\/\/www.masrojo.com.ar\/home\/wp-json\/wp\/v2\/posts\/39883\/revisions\/39889"}],"wp:attachment":[{"href":"https:\/\/www.masrojo.com.ar\/home\/wp-json\/wp\/v2\/media?parent=39883"}],"wp:term":[{"taxonomy":"category","embeddable":true,"href":"https:\/\/www.masrojo.com.ar\/home\/wp-json\/wp\/v2\/categories?post=39883"},{"taxonomy":"post_tag","embeddable":true,"href":"https:\/\/www.masrojo.com.ar\/home\/wp-json\/wp\/v2\/tags?post=39883"}],"curies":[{"name":"wp","href":"https:\/\/api.w.org\/{rel}","templated":true}]}}