{"id":39890,"date":"2020-05-26T19:22:28","date_gmt":"2020-05-26T22:22:28","guid":{"rendered":"https:\/\/www.masrojo.com.ar\/home\/?p=39890"},"modified":"2020-05-26T19:22:28","modified_gmt":"2020-05-26T22:22:28","slug":"nuevo-punto-de-conflicto","status":"publish","type":"post","link":"https:\/\/www.masrojo.com.ar\/home\/2020\/05\/26\/nuevo-punto-de-conflicto\/","title":{"rendered":"NUEVO PUNTO DE CONFLICTO"},"content":{"rendered":"<p style=\"text-align: justify;\"><strong><em>La relaci\u00f3n entre los jugadores de mayor contrato y la dirigencia tiene un nuevo cap\u00edtulo y se tensa a\u00fan m\u00e1s la relaci\u00f3n.<\/em><\/strong><\/p>\n<p style=\"text-align: justify;\"><strong><em><span class=\"css-901oao css-16my406 r-1qd0xha r-ad9z0x r-bcqeeo r-qvutc0\">Nuevo punto de conflicto entre parte del plantel de <\/span><span class=\"r-18u37iz\">#Independiente<\/span><span class=\"css-901oao css-16my406 r-1qd0xha r-ad9z0x r-bcqeeo r-qvutc0\"> y la CD. Desde Agremiados pidieron una pr\u00f3rroga en la fecha de pago de la deuda la cual era para el 1\/6 y quieren moverlo a 10\/6. Los jugadores no lo aceptaron, est\u00e1n plantados en la fecha inicial.<\/span><\/em><\/strong><\/p>\n<p style=\"text-align: justify;\"><strong><em><span class=\"css-901oao css-16my406 r-1qd0xha r-ad9z0x r-bcqeeo r-qvutc0\">En este contexto, los jugadores que enviaron carta documento y recibieron la notificaci\u00f3n de <\/span><span class=\"r-18u37iz\">Independiente<\/span><span class=\"css-901oao css-16my406 r-1qd0xha r-ad9z0x r-bcqeeo r-qvutc0\"> tienen el aval legal para pedir la libertad de acci\u00f3n, negociar con otros clubes, y seguir reclamando su deuda para cobrar a futuro.<\/span><\/em><\/strong><\/p>\n<div class=\"row pb-content-type-text\">\n<div class=\"col-xs-12 col-print-12\">\n<p class=\"element element-paragraph\" style=\"text-align: justify;\"><strong><em>Los apellidos sobre la mesa, y teniendo en cuenta que todos ellos negociar\u00e1n en un contexto diferente, son los de Silvio\u00a0Romero, Mart\u00edn\u00a0Campa\u00f1a, Gast\u00f3n\u00a0Silva, Cecilio\u00a0Dom\u00ednguez, Lucas\u00a0Romero, Alexander\u00a0Barboza.<\/em><\/strong><\/p>\n<p style=\"text-align: justify;\"><strong><em><span class=\"css-901oao css-16my406 r-1qd0xha r-ad9z0x r-bcqeeo r-qvutc0\">La idea de la dirigencia de <\/span><span class=\"r-18u37iz\">Independiente<\/span><span class=\"css-901oao css-16my406 r-1qd0xha r-ad9z0x r-bcqeeo r-qvutc0\"> es firmar con el resto de los futbolistas el acuerdo en Agremiados el dia jueves.<\/span><\/em><\/strong><\/p>\n<\/div>\n<\/div>\n","protected":false},"excerpt":{"rendered":"<div class=\"mh-excerpt\"><p>La relaci\u00f3n entre los jugadores de mayor contrato y la dirigencia tiene un nuevo cap\u00edtulo y se tensa a\u00fan m\u00e1s la relaci\u00f3n. Nuevo punto de conflicto entre parte del plantel de #Independiente y la CD. <a class=\"mh-excerpt-more\" href=\"https:\/\/www.masrojo.com.ar\/home\/2020\/05\/26\/nuevo-punto-de-conflicto\/\" title=\"NUEVO PUNTO DE CONFLICTO\">[&#8230;]<\/a><\/p>\n<\/div>","protected":false},"author":6,"featured_media":0,"comment_status":"closed","ping_status":"closed","sticky":false,"template":"","format":"image","meta":{"_jetpack_memberships_contains_paid_content":false,"footnotes":"","jetpack_publicize_message":"","jetpack_publicize_feature_enabled":true,"jetpack_social_post_already_shared":true,"jetpack_social_options":{"image_generator_settings":{"template":"highway","enabled":false},"version":2}},"categories":[4],"tags":[],"class_list":{"0":"post-39890","1":"post","2":"type-post","3":"status-publish","4":"format-image","6":"category-actualidad","7":"post_format-post-format-image"},"jetpack_publicize_connections":[],"jetpack_sharing_enabled":true,"jetpack_featured_media_url":"","jetpack_shortlink":"https:\/\/wp.me\/p90W9F-ano","_links":{"self":[{"href":"https:\/\/www.masrojo.com.ar\/home\/wp-json\/wp\/v2\/posts\/39890"}],"collection":[{"href":"https:\/\/www.masrojo.com.ar\/home\/wp-json\/wp\/v2\/posts"}],"about":[{"href":"https:\/\/www.masrojo.com.ar\/home\/wp-json\/wp\/v2\/types\/post"}],"author":[{"embeddable":true,"href":"https:\/\/www.masrojo.com.ar\/home\/wp-json\/wp\/v2\/users\/6"}],"replies":[{"embeddable":true,"href":"https:\/\/www.masrojo.com.ar\/home\/wp-json\/wp\/v2\/comments?post=39890"}],"version-history":[{"count":1,"href":"https:\/\/www.masrojo.com.ar\/home\/wp-json\/wp\/v2\/posts\/39890\/revisions"}],"predecessor-version":[{"id":39896,"href":"https:\/\/www.masrojo.com.ar\/home\/wp-json\/wp\/v2\/posts\/39890\/revisions\/39896"}],"wp:attachment":[{"href":"https:\/\/www.masrojo.com.ar\/home\/wp-json\/wp\/v2\/media?parent=39890"}],"wp:term":[{"taxonomy":"category","embeddable":true,"href":"https:\/\/www.masrojo.com.ar\/home\/wp-json\/wp\/v2\/categories?post=39890"},{"taxonomy":"post_tag","embeddable":true,"href":"https:\/\/www.masrojo.com.ar\/home\/wp-json\/wp\/v2\/tags?post=39890"}],"curies":[{"name":"wp","href":"https:\/\/api.w.org\/{rel}","templated":true}]}}