{"id":39897,"date":"2020-05-26T16:29:33","date_gmt":"2020-05-26T19:29:33","guid":{"rendered":"https:\/\/www.masrojo.com.ar\/home\/?p=39897"},"modified":"2020-05-26T19:34:12","modified_gmt":"2020-05-26T22:34:12","slug":"la-vuelta-de-pepe-santoro","status":"publish","type":"post","link":"https:\/\/www.masrojo.com.ar\/home\/2020\/05\/26\/la-vuelta-de-pepe-santoro\/","title":{"rendered":"LA VUELTA DE PEP\u00c9 SANTORO"},"content":{"rendered":"<p>Pep\u00e9 Santoro, gloria del Rojo, regres\u00f3 en un vuelo de repatriaci\u00f3n (lo ayud\u00f3 el embajador Ricardo Alfons\u00edn), tras su viaje a Alicante para un homenaje del H\u00e9rcules. En su estad\u00eda visit\u00f3 a su nieto. Hizo la cuarentena en Espa\u00f1a. Lleg\u00f3 junto a su esposa Carmen.<\/p>\n<p><img data-recalc-dims=\"1\" loading=\"lazy\" decoding=\"async\" class=\"aligncenter size-full wp-image-39898\" src=\"https:\/\/i0.wp.com\/www.masrojo.com.ar\/home\/wp-content\/uploads\/Santoro-Espa%C3%B1a-tren.jpg?resize=480%2C480&#038;ssl=1\" alt=\"\" width=\"480\" height=\"480\" \/><\/p>\n<blockquote class=\"twitter-tweet\">\n<p dir=\"ltr\" lang=\"es\">Pep\u00e9 Santoro, gloria del Rojo, regres\u00f3 en un vuelo de repatriaci\u00f3n (lo ayud\u00f3 el embajador Ricardo Alfons\u00edn), tras su viaje a Alicante para un homenaje del H\u00e9rcules. En su estad\u00eda visit\u00f3 a su nieto. Hizo la cuarentena en Espa\u00f1a. Lleg\u00f3 junto a su esposa Carmen. <a href=\"https:\/\/twitter.com\/hashtag\/Independiente?src=hash&amp;ref_src=twsrc%5Etfw\">#Independiente<\/a> <a href=\"https:\/\/t.co\/OzeadtPdfC\">pic.twitter.com\/OzeadtPdfC<\/a><\/p>\n<p>\u2014 Ricardo Fioravanti (@RFioravanti) <a href=\"https:\/\/twitter.com\/RFioravanti\/status\/1265079601782575104?ref_src=twsrc%5Etfw\">May 26, 2020<\/a><\/p><\/blockquote>\n<p><script async src=\"https:\/\/platform.twitter.com\/widgets.js\" charset=\"utf-8\"><\/script><\/p>\n","protected":false},"excerpt":{"rendered":"<div class=\"mh-excerpt\"><p>Pep\u00e9 Santoro, gloria del Rojo, regres\u00f3 en un vuelo de repatriaci\u00f3n (lo ayud\u00f3 el embajador Ricardo Alfons\u00edn), tras su viaje a Alicante para un homenaje del H\u00e9rcules. En su estad\u00eda visit\u00f3 a su nieto. Hizo <a class=\"mh-excerpt-more\" href=\"https:\/\/www.masrojo.com.ar\/home\/2020\/05\/26\/la-vuelta-de-pepe-santoro\/\" title=\"LA VUELTA DE PEP\u00c9 SANTORO\">[&#8230;]<\/a><\/p>\n<\/div>","protected":false},"author":6,"featured_media":38846,"comment_status":"closed","ping_status":"closed","sticky":false,"template":"","format":"image","meta":{"_jetpack_memberships_contains_paid_content":false,"footnotes":"","jetpack_publicize_message":"","jetpack_publicize_feature_enabled":true,"jetpack_social_post_already_shared":true,"jetpack_social_options":{"image_generator_settings":{"template":"highway","enabled":false},"version":2}},"categories":[4],"tags":[],"class_list":{"0":"post-39897","1":"post","2":"type-post","3":"status-publish","4":"format-image","5":"has-post-thumbnail","7":"category-actualidad","8":"post_format-post-format-image"},"jetpack_publicize_connections":[],"jetpack_sharing_enabled":true,"jetpack_featured_media_url":"https:\/\/i0.wp.com\/www.masrojo.com.ar\/home\/wp-content\/uploads\/santoro.jpg?fit=512%2C284&ssl=1","jetpack_shortlink":"https:\/\/wp.me\/p90W9F-anv","_links":{"self":[{"href":"https:\/\/www.masrojo.com.ar\/home\/wp-json\/wp\/v2\/posts\/39897"}],"collection":[{"href":"https:\/\/www.masrojo.com.ar\/home\/wp-json\/wp\/v2\/posts"}],"about":[{"href":"https:\/\/www.masrojo.com.ar\/home\/wp-json\/wp\/v2\/types\/post"}],"author":[{"embeddable":true,"href":"https:\/\/www.masrojo.com.ar\/home\/wp-json\/wp\/v2\/users\/6"}],"replies":[{"embeddable":true,"href":"https:\/\/www.masrojo.com.ar\/home\/wp-json\/wp\/v2\/comments?post=39897"}],"version-history":[{"count":1,"href":"https:\/\/www.masrojo.com.ar\/home\/wp-json\/wp\/v2\/posts\/39897\/revisions"}],"predecessor-version":[{"id":39904,"href":"https:\/\/www.masrojo.com.ar\/home\/wp-json\/wp\/v2\/posts\/39897\/revisions\/39904"}],"wp:featuredmedia":[{"embeddable":true,"href":"https:\/\/www.masrojo.com.ar\/home\/wp-json\/wp\/v2\/media\/38846"}],"wp:attachment":[{"href":"https:\/\/www.masrojo.com.ar\/home\/wp-json\/wp\/v2\/media?parent=39897"}],"wp:term":[{"taxonomy":"category","embeddable":true,"href":"https:\/\/www.masrojo.com.ar\/home\/wp-json\/wp\/v2\/categories?post=39897"},{"taxonomy":"post_tag","embeddable":true,"href":"https:\/\/www.masrojo.com.ar\/home\/wp-json\/wp\/v2\/tags?post=39897"}],"curies":[{"name":"wp","href":"https:\/\/api.w.org\/{rel}","templated":true}]}}