{"id":40329,"date":"2020-06-17T11:51:42","date_gmt":"2020-06-17T14:51:42","guid":{"rendered":"https:\/\/www.masrojo.com.ar\/home\/?p=40329"},"modified":"2020-06-17T11:53:27","modified_gmt":"2020-06-17T14:53:27","slug":"bragarnik-presiona-y-fernandez-se-aleja","status":"publish","type":"post","link":"https:\/\/www.masrojo.com.ar\/home\/2020\/06\/17\/bragarnik-presiona-y-fernandez-se-aleja\/","title":{"rendered":"Bragarnik presiona y Fern\u00e1ndez se aleja"},"content":{"rendered":"<p style=\"text-align: justify;\"><strong>Chtistian Bragarnik<\/strong>, representante de <strong>Leandro Fern\u00e1ndez<\/strong>, dialog\u00f3 en<em> TyC Sports<\/em> sobre la continuidad del delantero en Independiente.<\/p>\n<p style=\"text-align: justify;\"><em>\u201c\u00c9l tiene un contrato de 4 a\u00f1os que vence el 30 de junio. <strong>Nosotros estamos a la espera de una propuesta acorde de Independiente<\/strong>\u00ab<\/em>, aclar\u00f3. Al instante mencion\u00f3 que el Rojo tiene prioridad de negociaci\u00f3n y el ex Godoy Cruz estar\u00eda dispuesto a continuar s\u00f3lo si Independiente cumple con su pedido.<\/p>\n<p style=\"text-align: justify;\">Sobre la posibilidad de otros clubes, mencion\u00f3:<em> \u201cSi hay un club en Argentina que hace el esfuerzo que Leandro pretende,<strong> estamos abiertos a negociar tambi\u00e9n<\/strong>. Tiene 29 a\u00f1os y<strong> todav\u00eda no ha hecho una diferencia econ\u00f3mica. \u00c9l busca eso, <\/strong>aunque\u00a0<strong>Independiente tiene prioridad<\/strong>\u201d.<\/em><\/p>\n","protected":false},"excerpt":{"rendered":"<div class=\"mh-excerpt\"><p>Chtistian Bragarnik, representante de Leandro Fern\u00e1ndez, dialog\u00f3 en TyC Sports sobre la continuidad del delantero en Independiente. \u201c\u00c9l tiene un contrato de 4 a\u00f1os que vence el 30 de junio. Nosotros estamos a la espera <a class=\"mh-excerpt-more\" href=\"https:\/\/www.masrojo.com.ar\/home\/2020\/06\/17\/bragarnik-presiona-y-fernandez-se-aleja\/\" title=\"Bragarnik presiona y Fern\u00e1ndez se aleja\">[&#8230;]<\/a><\/p>\n<\/div>","protected":false},"author":4,"featured_media":0,"comment_status":"closed","ping_status":"closed","sticky":false,"template":"","format":"image","meta":{"_jetpack_memberships_contains_paid_content":false,"footnotes":"","jetpack_publicize_message":"#Independiente | Bragarnik presiona y Fern\u00e1ndez se aleja","jetpack_publicize_feature_enabled":true,"jetpack_social_post_already_shared":true,"jetpack_social_options":{"image_generator_settings":{"template":"highway","enabled":false},"version":2}},"categories":[4],"tags":[],"class_list":{"0":"post-40329","1":"post","2":"type-post","3":"status-publish","4":"format-image","6":"category-actualidad","7":"post_format-post-format-image"},"jetpack_publicize_connections":[],"jetpack_sharing_enabled":true,"jetpack_featured_media_url":"","jetpack_shortlink":"https:\/\/wp.me\/p90W9F-aut","_links":{"self":[{"href":"https:\/\/www.masrojo.com.ar\/home\/wp-json\/wp\/v2\/posts\/40329"}],"collection":[{"href":"https:\/\/www.masrojo.com.ar\/home\/wp-json\/wp\/v2\/posts"}],"about":[{"href":"https:\/\/www.masrojo.com.ar\/home\/wp-json\/wp\/v2\/types\/post"}],"author":[{"embeddable":true,"href":"https:\/\/www.masrojo.com.ar\/home\/wp-json\/wp\/v2\/users\/4"}],"replies":[{"embeddable":true,"href":"https:\/\/www.masrojo.com.ar\/home\/wp-json\/wp\/v2\/comments?post=40329"}],"version-history":[{"count":3,"href":"https:\/\/www.masrojo.com.ar\/home\/wp-json\/wp\/v2\/posts\/40329\/revisions"}],"predecessor-version":[{"id":40333,"href":"https:\/\/www.masrojo.com.ar\/home\/wp-json\/wp\/v2\/posts\/40329\/revisions\/40333"}],"wp:attachment":[{"href":"https:\/\/www.masrojo.com.ar\/home\/wp-json\/wp\/v2\/media?parent=40329"}],"wp:term":[{"taxonomy":"category","embeddable":true,"href":"https:\/\/www.masrojo.com.ar\/home\/wp-json\/wp\/v2\/categories?post=40329"},{"taxonomy":"post_tag","embeddable":true,"href":"https:\/\/www.masrojo.com.ar\/home\/wp-json\/wp\/v2\/tags?post=40329"}],"curies":[{"name":"wp","href":"https:\/\/api.w.org\/{rel}","templated":true}]}}