{"id":40337,"date":"2020-06-18T09:55:51","date_gmt":"2020-06-18T12:55:51","guid":{"rendered":"https:\/\/www.masrojo.com.ar\/home\/?p=40337"},"modified":"2020-06-18T09:55:51","modified_gmt":"2020-06-18T12:55:51","slug":"nadie-quiere-irse-de-independiente","status":"publish","type":"post","link":"https:\/\/www.masrojo.com.ar\/home\/2020\/06\/18\/nadie-quiere-irse-de-independiente\/","title":{"rendered":"\u00abNADIE QUIERE IRSE DE INDEPENDIENTE\u00bb"},"content":{"rendered":"<p style=\"text-align: justify;\">El lateral izquierdo de Independiente Juan Manuel S\u00e1nchez Mi\u00f1o advirti\u00f3 que el \u201cgrupo est\u00e1 unido\u201d, despu\u00e9s del reclamo efectuado para cobrar lo que le deb\u00edan al plantel desde noviembre pasado, y que \u201cnadie quiere irse\u201d del club, desalentando las versiones de que los futbolistas buscaban quedar libres.<\/p>\n<p style=\"text-align: justify;\">\u201cSe hablaron muchas cosas que no fueron ciertas cuando hicimos el reclamo por la deuda. Por eso aclaro que hablamos entre todos los jugadores, con distintas opiniones, pero la decisi\u00f3n fue en conjunto, porque el grupo est\u00e1 unido\u201d, resalt\u00f3 S\u00e1nchez Mi\u00f1o durante la videoconferencia a la que tuvo acceso T\u00e9lam y que ofreci\u00f3 en conjunto con el capit\u00e1n del equipo, Silvio Romero.<\/p>\n<p style=\"text-align: justify;\">\u201cEra una situaci\u00f3n que merec\u00eda clarificarse y por eso fue el planteo, pero no hubo segundas intenciones como esa de que algunos buscaban quedar libres, porque nadie se quiere ir de Independiente y siempre, como profesionales, damos lo mejor\u201d, subray\u00f3 el marcador de punta, de 30 a\u00f1os.<\/p>\n<p style=\"text-align: justify;\">A ra\u00edz de las controversias suscitadas \u2014a las que le puso fin la dirigencia del \u201cRojo\u201d cuando abon\u00f3 lo reclamado por una parte del plantel el pasado mi\u00e9rcoles 10 del corriente\u2014, el centrodelantero Romero expuso c\u00f3mo fue y c\u00f3mo continua la relaci\u00f3n con la c\u00fapula dirigencial y c\u00f3mo se podr\u00eda ver afectada su imagen como capit\u00e1n del equipo.<\/p>\n<p style=\"text-align: justify;\">\u201cCon la dirigencia siempre hubo di\u00e1logo desde el mismo momento en que comenzamos con los reclamos en noviembre \u00faltimo. Los directivos nos ped\u00edan alargar los plazos y le fuimos dando esos d\u00edas, hasta el momento en que se decidi\u00f3 poner un freno. Por eso hoy no est\u00e1 cortado el di\u00e1logo y hay una relaci\u00f3n cordial entre las partes, aunque haya distintas ideas de un lado y de otro\u201d, expuso.<\/p>\n<p style=\"text-align: justify;\">\u201cEntiendo que no vamos a quedar marcados por haber hecho ese reclamo. Si me baso en lo que vi en estos d\u00edas, la gente me apoy\u00f3 en las redes sociales porque sabe que reclamamos lo justo y con respeto. Por eso no creo que nos reciban mal cuando se reinicie la competencia, y agradezco ese apoyo\u201d, valor\u00f3 el cordob\u00e9s, de 31 a\u00f1os.<\/p>\n<p style=\"text-align: justify;\">A prop\u00f3sito del valor y de lo expuesto que estuvo Romero durante el conflicto, por ser el nexo entre el plantel y la comisi\u00f3n directiva, S\u00e1nchez Mi\u00f1o destac\u00f3 su intervenci\u00f3n.<\/p>\n<p style=\"text-align: justify;\">\u201cSilvio es un gran capit\u00e1n, que nos representa muy bien y nunca hubo roces con \u00e9l. Es m\u00e1s, Romero y otros compa\u00f1eros pusieron plata de sus bolsillos por cosas que necesitaba el club en su momento\u201d, revel\u00f3 el ex jugador de Boca Juniors y Estudiantes de La Plata.<\/p>\n<p style=\"text-align: justify;\">El oriundo del barrio porte\u00f1o de Saavedra se refiri\u00f3 posteriormente al aspecto futbol\u00edstico para aportar su an\u00e1lisis respecto del rendimiento ciclot\u00edmico que present\u00f3 el equipo en las \u00faltimas temporadas. \u201cLa estabilidad en el f\u00fatbol argentino es muy dif\u00edcil de conseguir. Creo que en el club hubo muchos cambios de jugadores y de t\u00e9cnicos despu\u00e9s de haber ganado la Copa Sudamericana en 2017. Independiente exige siempre estar arriba, pero no hay una explicaci\u00f3n cierta sobre lo que pas\u00f3 \u00faltimamente\u201d, adujo S\u00e1nchez Mi\u00f1o.<\/p>\n<p style=\"text-align: justify;\">\u201cIncluso los juveniles que se sumaron a primera supieron adaptarse al momento del equipo y pese a estar creciendo, aportan mucho para el plantel. Lo importante es mantener la estabilidad en el grupo y en el rendimiento del equipo, para lograr la regularidad en el juego\u201d, agreg\u00f3.<\/p>\n<p style=\"text-align: justify;\">En este sentido, Romero fue m\u00e1s all\u00e1, haciendo una autocr\u00edtica y responsabilizando de ese flojo funcionamiento del equipo al hecho de no estar clasificados para las Copas Libertadores y Sudamericana de 2021.<\/p>\n<p style=\"text-align: justify;\">\u201cCuando se dio por terminado el torneo le hab\u00edamos ganado a V\u00e9lez en la primera fecha y parec\u00eda que ir\u00edamos por buen camino, pese a estar lejos de las copas. Por eso no podemos decir nada por la decisi\u00f3n tomada por los dirigentes sobre el modo de clasificar a las competencias internacionales cuando se dio por terminada la temporada\u201d afirm\u00f3.<\/p>\n<p style=\"text-align: justify;\">\u201cQuedamos afuera por falta de m\u00e9rito, aunque ahora me siento con m\u00e1s ganas de revertir aquel momento. Por eso no quiero irme. Claro que si aparece una buena oferta habr\u00e1 que ver que piensa la dirigencia\u201d, ampli\u00f3 el jugador iniciado en Instituto de C\u00f3rdoba, con pasado en Lan\u00fas.<br \/>\nRomero finalmente abord\u00f3 la situaci\u00f3n del aislamiento preventivo, social y obligatorio por la pandemia de coronavirus, con sus efectos negativos tanto como positivos.<\/p>\n<p style=\"text-align: justify;\">\u201cSon muchos d\u00edas de encierro, de entrenamientos individuales solo para mantener la fuerza muscular, lo que en un momento genera desgaste. Eso s\u00ed, esto me permiti\u00f3 estar m\u00e1s con la familia y m\u00e1s cerca de mi hijo Mateo, que este tiempo estuvo dos veces internado por sus convulsiones\u201d, concluy\u00f3 el capit\u00e1n de los \u201crojos\u201d respecto de una afecci\u00f3n de su peque\u00f1o de tres a\u00f1os que padece una encefalopat\u00eda cr\u00f3nica no evolutiva.<\/p>\n<p style=\"text-align: justify;\">\u201cCampa\u00f1a y Silva siguen perteneciendo al grupo\u201d<\/p>\n<p style=\"text-align: justify;\">El marcador de punta izquierda de Independiente, Juan Manuel S\u00e1nchez Mi\u00f1o, sostuvo durante la videoconferencia que sus compa\u00f1eros uruguayos, Mart\u00edn Campa\u00f1a y Gast\u00f3n Silva, \u201csiguen perteneciendo al grupo\u201d, a pesar de sus reclamos individuales por los montos que les adeudaba el club.<\/p>\n<p style=\"text-align: justify;\">\u201cCampa\u00f1a y Silva siguen perteneciendo al grupo, manteniendo buena relaci\u00f3n con todos los que integramos el plantel de Independiente\u201d, manifest\u00f3 S\u00e1nchez Mi\u00f1o ante la requisitoria de los medios de prensa, respecto de esta situaci\u00f3n que se vio agudizada a ra\u00edz del parate provocado por la pandemia de coronavirus.<\/p>\n<p style=\"text-align: justify;\">\u201cSi bien las decisiones que se toman son consensuadas entre todos los jugadores, despu\u00e9s cada uno puede tomar una postura diferente como hicieron ellos\u201d, explic\u00f3 quien es uno de los referentes del plantel \u201crojo\u201d.<\/p>\n<p style=\"text-align: justify;\">Cabe recordar que el arquero Campa\u00f1a no hab\u00eda aceptado el \u00faltimo acuerdo que firmaron 11 de sus compa\u00f1eros para percibir el pago de deudas contra\u00eddas por la dirigencia el 10 del corriente, sino que hab\u00eda exigido que el lunes 1 de junio se le abonara lo reclamado, porque de lo contrario se iba a considerar jugador libre, logrando as\u00ed que le saldaran lo que le deb\u00edan en esa fecha.<\/p>\n<p style=\"text-align: justify;\">En cuanto al zaguero Silva, en la \u00faltima semana de mayo avis\u00f3 a las autoridades de Independiente que se consideraba en libertad de acci\u00f3n por falta de pago y que reclamar\u00eda la deuda por v\u00eda legal.<br \/>\nPor ese motivo la instituci\u00f3n de Avellaneda inici\u00f3 gestiones con el jugador para que revoque esa postura y poder negociarlo en el pr\u00f3ximo mercado de pases, como tambi\u00e9n lo har\u00eda con Campa\u00f1a pese al arreglo alcanzado con el capit\u00e1n del equipo de Avellaneda.<\/p>\n<p><iframe loading=\"lazy\" src=\"https:\/\/www.youtube.com\/embed\/zaazo-Rudug\" width=\"560\" height=\"315\" frameborder=\"0\" allowfullscreen=\"allowfullscreen\"><\/iframe><\/p>\n","protected":false},"excerpt":{"rendered":"<div class=\"mh-excerpt\"><p>El lateral izquierdo de Independiente Juan Manuel S\u00e1nchez Mi\u00f1o advirti\u00f3 que el \u201cgrupo est\u00e1 unido\u201d, despu\u00e9s del reclamo efectuado para cobrar lo que le deb\u00edan al plantel desde noviembre pasado, y que \u201cnadie quiere irse\u201d <a class=\"mh-excerpt-more\" href=\"https:\/\/www.masrojo.com.ar\/home\/2020\/06\/18\/nadie-quiere-irse-de-independiente\/\" title=\"\u00abNADIE QUIERE IRSE DE INDEPENDIENTE\u00bb\">[&#8230;]<\/a><\/p>\n<\/div>","protected":false},"author":6,"featured_media":0,"comment_status":"closed","ping_status":"closed","sticky":false,"template":"","format":"standard","meta":{"_jetpack_memberships_contains_paid_content":false,"footnotes":"","jetpack_publicize_message":"","jetpack_publicize_feature_enabled":true,"jetpack_social_post_already_shared":true,"jetpack_social_options":{"image_generator_settings":{"template":"highway","enabled":false},"version":2}},"categories":[1],"tags":[],"class_list":{"0":"post-40337","1":"post","2":"type-post","3":"status-publish","4":"format-standard","6":"category-sin-categoria"},"jetpack_publicize_connections":[],"jetpack_sharing_enabled":true,"jetpack_featured_media_url":"","jetpack_shortlink":"https:\/\/wp.me\/p90W9F-auB","_links":{"self":[{"href":"https:\/\/www.masrojo.com.ar\/home\/wp-json\/wp\/v2\/posts\/40337"}],"collection":[{"href":"https:\/\/www.masrojo.com.ar\/home\/wp-json\/wp\/v2\/posts"}],"about":[{"href":"https:\/\/www.masrojo.com.ar\/home\/wp-json\/wp\/v2\/types\/post"}],"author":[{"embeddable":true,"href":"https:\/\/www.masrojo.com.ar\/home\/wp-json\/wp\/v2\/users\/6"}],"replies":[{"embeddable":true,"href":"https:\/\/www.masrojo.com.ar\/home\/wp-json\/wp\/v2\/comments?post=40337"}],"version-history":[{"count":1,"href":"https:\/\/www.masrojo.com.ar\/home\/wp-json\/wp\/v2\/posts\/40337\/revisions"}],"predecessor-version":[{"id":40339,"href":"https:\/\/www.masrojo.com.ar\/home\/wp-json\/wp\/v2\/posts\/40337\/revisions\/40339"}],"wp:attachment":[{"href":"https:\/\/www.masrojo.com.ar\/home\/wp-json\/wp\/v2\/media?parent=40337"}],"wp:term":[{"taxonomy":"category","embeddable":true,"href":"https:\/\/www.masrojo.com.ar\/home\/wp-json\/wp\/v2\/categories?post=40337"},{"taxonomy":"post_tag","embeddable":true,"href":"https:\/\/www.masrojo.com.ar\/home\/wp-json\/wp\/v2\/tags?post=40337"}],"curies":[{"name":"wp","href":"https:\/\/api.w.org\/{rel}","templated":true}]}}