{"id":40346,"date":"2020-06-18T09:59:03","date_gmt":"2020-06-18T12:59:03","guid":{"rendered":"https:\/\/www.masrojo.com.ar\/home\/?p=40346"},"modified":"2020-06-18T09:59:03","modified_gmt":"2020-06-18T12:59:03","slug":"martin-campana-es-buscado-por-dos-clubes-de-mexico","status":"publish","type":"post","link":"https:\/\/www.masrojo.com.ar\/home\/2020\/06\/18\/martin-campana-es-buscado-por-dos-clubes-de-mexico\/","title":{"rendered":"Mart\u00edn Campa\u00f1a es buscado por dos clubes de M\u00e9xico"},"content":{"rendered":"<div class=\"article-dynamic-grid-column ng-star-inserted\">\n<div class=\"news-paragraph text-1 ng-star-inserted\">\n<p style=\"text-align: justify;\">El arquero de Independiente podr\u00eda mudarse a la Liga MX.<\/p>\n<\/div>\n<\/div>\n<div class=\"article-dynamic-grid-column ng-star-inserted\">\n<div class=\"news-paragraph text-1 ng-star-inserted\">\n<p style=\"text-align: justify;\">No es la primera vez que el arquero uruguayo es vinculado con el f\u00fatbol azteca, anteriormente Cruz Azul estuvo muy interesado en \u00e9l y ahora, se suman dos candidatos m\u00e1s: Pumas y Necaxa.<\/p>\n<p><main class=\"app-wrapper\"><\/p>\n<div>\n<div class=\"stream-grid ng-star-inserted\">\n<div class=\"of-grid article ng-star-inserted\">\n<div class=\"article-dynamic-grid-column ng-star-inserted\">\n<div class=\"news-paragraph text-1 ng-star-inserted\">\n<p>La idea del Rojo ser\u00eda vender al golero para poder alivianar su mal momento econ\u00f3mico, desde M\u00e9xico, primeramente apuntar\u00edan a un pr\u00e9stamo por el ex Defensor Sporting. Uno de los jugadores que m\u00e1s conflictos tuvo con los dirigentes, es precisamente Campa\u00f1a, quien en la pr\u00f3xima Copa Am\u00e9rica podr\u00eda ser el arquero titular de la Selecci\u00f3n de Uruguay, tras la lesi\u00f3n de Fernando Muslera.<\/p>\n<\/div>\n<\/div>\n<\/div>\n<\/div>\n<\/div>\n<p><\/main><\/p>\n<footer class=\"footer\">\n<div class=\"of-grid\">\n<p style=\"text-align: justify;\">A pesar del inter\u00e9s del equipo argentino en vender al guardameta,<strong>\u00a0desde Pumas solo se plantea una cesi\u00f3n a ra\u00edz de la falta de efectivo que se vive en la UNAM<\/strong>. Esta opci\u00f3n podr\u00eda encontrar adeptos en el \u2018Rey de Copas\u2019, como referente del equipo desde hace cuatro a\u00f1os, el futbolista de 31 a\u00f1os es quien tiene una de las n\u00f3minas m\u00e1s altas, por lo que su salida aliviar\u00eda la carga econ\u00f3mica que supone su salario.<\/p>\n<div>\n<p style=\"text-align: justify;\">Desde el Necaxa se sigue la misma l\u00ednea que los universitarios:<strong>\u00a0el club tambi\u00e9n ha sufrido los estragos que ha dejado la pandemia<\/strong>, y los 2,5 millones de d\u00f3lares que cuesta el pase del guardavallas, son una cifra prohibitiva para los Rayos.<\/p>\n<div id=\"ckePolls_1592438429997\" class=\"ckeditor-poll cmspoll-generated\" data-path=\"\/DalePumas\/encuestas\/Encuesta1592438410677\">\n<div id=\"poolBox_1592484790900\">\n<div class=\"cmspoll-generated\" data-poll=\"\" data-path=\"\/DalePumas\/encuestas\/Encuesta1592438410677\" data-multiple=\"false\" data-status=\"Activa\" data-useronly=\"false\" data-effect=\"false\" data-close=\"06\/24\/2020 21:00:00\">\n<article class=\"poll poll-multiple\">\n<div class=\"poll-header\" style=\"text-align: justify;\"><\/div>\n<\/article>\n<\/div>\n<\/div>\n<\/div>\n<\/div>\n<\/div>\n<\/footer>\n<\/div>\n<\/div>\n","protected":false},"excerpt":{"rendered":"<div class=\"mh-excerpt\"><p>El arquero de Independiente podr\u00eda mudarse a la Liga MX. No es la primera vez que el arquero uruguayo es vinculado con el f\u00fatbol azteca, anteriormente Cruz Azul estuvo muy interesado en \u00e9l y ahora, <a class=\"mh-excerpt-more\" href=\"https:\/\/www.masrojo.com.ar\/home\/2020\/06\/18\/martin-campana-es-buscado-por-dos-clubes-de-mexico\/\" title=\"Mart\u00edn Campa\u00f1a es buscado por dos clubes de M\u00e9xico\">[&#8230;]<\/a><\/p>\n<\/div>","protected":false},"author":6,"featured_media":0,"comment_status":"closed","ping_status":"closed","sticky":false,"template":"","format":"image","meta":{"_jetpack_memberships_contains_paid_content":false,"footnotes":"","jetpack_publicize_message":"","jetpack_publicize_feature_enabled":true,"jetpack_social_post_already_shared":true,"jetpack_social_options":{"image_generator_settings":{"template":"highway","enabled":false},"version":2}},"categories":[4],"tags":[],"class_list":{"0":"post-40346","1":"post","2":"type-post","3":"status-publish","4":"format-image","6":"category-actualidad","7":"post_format-post-format-image"},"jetpack_publicize_connections":[],"jetpack_sharing_enabled":true,"jetpack_featured_media_url":"","jetpack_shortlink":"https:\/\/wp.me\/p90W9F-auK","_links":{"self":[{"href":"https:\/\/www.masrojo.com.ar\/home\/wp-json\/wp\/v2\/posts\/40346"}],"collection":[{"href":"https:\/\/www.masrojo.com.ar\/home\/wp-json\/wp\/v2\/posts"}],"about":[{"href":"https:\/\/www.masrojo.com.ar\/home\/wp-json\/wp\/v2\/types\/post"}],"author":[{"embeddable":true,"href":"https:\/\/www.masrojo.com.ar\/home\/wp-json\/wp\/v2\/users\/6"}],"replies":[{"embeddable":true,"href":"https:\/\/www.masrojo.com.ar\/home\/wp-json\/wp\/v2\/comments?post=40346"}],"version-history":[{"count":1,"href":"https:\/\/www.masrojo.com.ar\/home\/wp-json\/wp\/v2\/posts\/40346\/revisions"}],"predecessor-version":[{"id":40347,"href":"https:\/\/www.masrojo.com.ar\/home\/wp-json\/wp\/v2\/posts\/40346\/revisions\/40347"}],"wp:attachment":[{"href":"https:\/\/www.masrojo.com.ar\/home\/wp-json\/wp\/v2\/media?parent=40346"}],"wp:term":[{"taxonomy":"category","embeddable":true,"href":"https:\/\/www.masrojo.com.ar\/home\/wp-json\/wp\/v2\/categories?post=40346"},{"taxonomy":"post_tag","embeddable":true,"href":"https:\/\/www.masrojo.com.ar\/home\/wp-json\/wp\/v2\/tags?post=40346"}],"curies":[{"name":"wp","href":"https:\/\/api.w.org\/{rel}","templated":true}]}}