{"id":40357,"date":"2020-06-22T10:15:22","date_gmt":"2020-06-22T13:15:22","guid":{"rendered":"https:\/\/www.masrojo.com.ar\/home\/?p=40357"},"modified":"2020-06-22T10:15:53","modified_gmt":"2020-06-22T13:15:53","slug":"afa-niega-libertad-de-accion-a-silva-y-recurre-a-fifa","status":"publish","type":"post","link":"https:\/\/www.masrojo.com.ar\/home\/2020\/06\/22\/afa-niega-libertad-de-accion-a-silva-y-recurre-a-fifa\/","title":{"rendered":"AFA NIEGA LIBERTAD DE ACCI\u00d3N A SILVA Y RECURRE A FIFA"},"content":{"rendered":"<div class=\"articleTop\">\n<p class=\"bajada\" style=\"text-align: justify;\">La Asociaci\u00f3n del F\u00fatbol Argentino le neg\u00f3 la libertad de acci\u00f3n al considerar que sus argumentos fueron \u00abinfundados\u00bb y \u00abapresurados\u00bb. El uruguayo ya elev\u00f3 su reclamo ante la FIFA.<\/p>\n<\/div>\n<div class=\"articleMedia\">\n<p class=\"image\" style=\"text-align: justify;\"><picture><source srcset=\"https:\/\/media.tycsports.com\/files\/2020\/06\/08\/102175\/gaston-silva_416x234.jpg?v=1\" media=\"(max-width: 480px) \" data-srcset=\"https:\/\/media.tycsports.com\/files\/2020\/06\/08\/102175\/gaston-silva_416x234.jpg?v=1\" \/><\/picture><\/p>\n<div>\n<div class=\"bajada\">\n<p style=\"text-align: justify;\">El defensor uruguayo reclama libertad de acci\u00f3n a partir de una deuda salarial que arrastra el club de Avellaneda. El \u00abRojo\u00bb tiene hasta el 2 de julio para presentar su descargo.<\/p>\n<\/div>\n<div class=\"fecha-compartir\">\n<div class=\"fecha-hora-nota\">\n<div class=\"owl-carousel-imagenes-nota-ampliada owl-theme owl-loaded owl-drag\">\n<div class=\"owl-stage-outer owl-height\">\n<div class=\"owl-stage\">\n<div class=\"owl-item active\">\n<div class=\"item\">\n<div class=\"img\"><img data-recalc-dims=\"1\" decoding=\"async\" class=\"aligncenter\" src=\"https:\/\/i0.wp.com\/www.cadena3.com\/admin\/playerswf\/fotos\/ARCHI_766453.jpg?ssl=1\" alt=\"\" \/><\/div>\n<div class=\"volanta\">\n<p style=\"text-align: justify;\">FOTO: Gast\u00f3n Silva demand\u00f3 a Independiente ante la FIFA<\/p>\n<\/div>\n<\/div>\n<\/div>\n<\/div>\n<\/div>\n<\/div>\n<div id=\"cuerpo-nota\">\n<p style=\"text-align: justify;\">El defensor uruguayo Gast\u00f3n Silva demand\u00f3 ante la FIFA por una millonaria cifra a su club Independiente, al reclamar su libertad de acci\u00f3n a partir de la deuda salarial que arrastra, algo que fue desestimado por la AFA por considerarlo improcedente e infundado.<\/p>\n<p style=\"text-align: justify;\">Lo cierto es que el club de Avellaneda, seg\u00fan una notificaci\u00f3n por parte de FIFA, tiene hasta el pr\u00f3ximo jueves 2 de julio para presentar su descargo por la demanda, que ronda los 2,5 millones de d\u00f3lares.<\/p>\n<p style=\"text-align: justify;\">La dirigencia del \u00abRojo\u00bb tiene que, adem\u00e1s, probar con documentaci\u00f3n el acuerdo que ten\u00eda con el futbolista, quien el 26 de mayo pasado envi\u00f3 por correo electr\u00f3nico el reclamo de su deuda y el pedido de libertad de acci\u00f3n.<\/p>\n<p style=\"text-align: justify;\">El uruguayo se neg\u00f3 al acuerdo que s\u00ed alcanzaron una decena de compa\u00f1eros del plantel para cobrar lo adeudado hasta marzo el mi\u00e9rcoles 10 de junio pasado, lo que deriv\u00f3 en esta demanda ante la FIFA.<\/p>\n<p style=\"text-align: justify;\">Seg\u00fan el fallo de AFA, la decisi\u00f3n del uruguayo de comunicarlo a trav\u00e9s de un correo electr\u00f3nico y no por carta documento fue el error que deriv\u00f3 en declararlo \u00abimprocedente\u00bb.<\/p>\n<p style=\"text-align: justify;\">Independiente a\u00fan est\u00e1 trabado en deudas con Torino y Pumas de M\u00e9xico por el pase de Silva, quien supuestamente llegaba en condici\u00f3n de libre.<\/p>\n<\/div>\n<\/div>\n<\/div>\n<\/div>\n<\/div>\n","protected":false},"excerpt":{"rendered":"<div class=\"mh-excerpt\"><p>La Asociaci\u00f3n del F\u00fatbol Argentino le neg\u00f3 la libertad de acci\u00f3n al considerar que sus argumentos fueron \u00abinfundados\u00bb y \u00abapresurados\u00bb. El uruguayo ya elev\u00f3 su reclamo ante la FIFA. El defensor uruguayo reclama libertad de <a class=\"mh-excerpt-more\" href=\"https:\/\/www.masrojo.com.ar\/home\/2020\/06\/22\/afa-niega-libertad-de-accion-a-silva-y-recurre-a-fifa\/\" title=\"AFA NIEGA LIBERTAD DE ACCI\u00d3N A SILVA Y RECURRE A FIFA\">[&#8230;]<\/a><\/p>\n<\/div>","protected":false},"author":6,"featured_media":0,"comment_status":"closed","ping_status":"closed","sticky":false,"template":"","format":"image","meta":{"_jetpack_memberships_contains_paid_content":false,"footnotes":"","jetpack_publicize_message":"","jetpack_publicize_feature_enabled":true,"jetpack_social_post_already_shared":true,"jetpack_social_options":{"image_generator_settings":{"template":"highway","enabled":false},"version":2}},"categories":[4],"tags":[],"class_list":{"0":"post-40357","1":"post","2":"type-post","3":"status-publish","4":"format-image","6":"category-actualidad","7":"post_format-post-format-image"},"jetpack_publicize_connections":[],"jetpack_sharing_enabled":true,"jetpack_featured_media_url":"","jetpack_shortlink":"https:\/\/wp.me\/p90W9F-auV","_links":{"self":[{"href":"https:\/\/www.masrojo.com.ar\/home\/wp-json\/wp\/v2\/posts\/40357"}],"collection":[{"href":"https:\/\/www.masrojo.com.ar\/home\/wp-json\/wp\/v2\/posts"}],"about":[{"href":"https:\/\/www.masrojo.com.ar\/home\/wp-json\/wp\/v2\/types\/post"}],"author":[{"embeddable":true,"href":"https:\/\/www.masrojo.com.ar\/home\/wp-json\/wp\/v2\/users\/6"}],"replies":[{"embeddable":true,"href":"https:\/\/www.masrojo.com.ar\/home\/wp-json\/wp\/v2\/comments?post=40357"}],"version-history":[{"count":1,"href":"https:\/\/www.masrojo.com.ar\/home\/wp-json\/wp\/v2\/posts\/40357\/revisions"}],"predecessor-version":[{"id":40363,"href":"https:\/\/www.masrojo.com.ar\/home\/wp-json\/wp\/v2\/posts\/40357\/revisions\/40363"}],"wp:attachment":[{"href":"https:\/\/www.masrojo.com.ar\/home\/wp-json\/wp\/v2\/media?parent=40357"}],"wp:term":[{"taxonomy":"category","embeddable":true,"href":"https:\/\/www.masrojo.com.ar\/home\/wp-json\/wp\/v2\/categories?post=40357"},{"taxonomy":"post_tag","embeddable":true,"href":"https:\/\/www.masrojo.com.ar\/home\/wp-json\/wp\/v2\/tags?post=40357"}],"curies":[{"name":"wp","href":"https:\/\/api.w.org\/{rel}","templated":true}]}}