{"id":40364,"date":"2020-06-22T10:40:17","date_gmt":"2020-06-22T13:40:17","guid":{"rendered":"https:\/\/www.masrojo.com.ar\/home\/?p=40364"},"modified":"2020-06-22T10:40:17","modified_gmt":"2020-06-22T13:40:17","slug":"analizaremos-cada-caso-de-cada-jugador","status":"publish","type":"post","link":"https:\/\/www.masrojo.com.ar\/home\/2020\/06\/22\/analizaremos-cada-caso-de-cada-jugador\/","title":{"rendered":"\u00abANALIZAREMOS CADA CASO DE CADA JUGADOR\u00bb"},"content":{"rendered":"<p style=\"text-align: justify;\">Lucas Pusineri habl\u00f3 en Independiente de Am\u00e9rica sobre la actualidad, la pandemia, la deuda de los jugadores y el armado del plantel<\/p>\n<p style=\"text-align: justify;\"><b>\u201cHoy tenemos 50 profesionales y chicos que se pueden sumar. Ning\u00fan equipo tiene tantos jugadores. Vamos a analizar caso por caso y decidir con qui\u00e9nes vamos a contar, y que jugadores ir\u00e1n a pr\u00e9stamo. El otro d\u00eda tuve una reuni\u00f3n con los dirigentes y puedo visualizar un Independiente unido, en la sinton\u00eda que necesitamos. Hablo mucho con Burruchaga, tenemos un ida y vuelta permanente para el armado del plantel. La realidad es que seguramente muchos jugadores dejar\u00e1n la instituci\u00f3n. Son situaciones a resolver entre personas adultas. Entiendo que los dirigentes quieran sanear la econom\u00eda del club y los jugadores una mejora. Respecto a Silva, no pierdo las esperanzas de llegar a un acuerdo entre las partes y que se solucione de la mejor manera. Es una l\u00e1stima porque Gast\u00f3n es un jugador muy importante. Cuando se vuelva a los entrenamientos, se va a necesitar, de m\u00ednimo, cinco semanas para que todos est\u00e9n en plenitud. Los preparadores f\u00edsicos son los que est\u00e1n mas encima de los futbolistas\u201d.<\/b><\/p>\n<p><iframe loading=\"lazy\" src=\"\/\/radiocut.fm\/audiocut\/embed\/mini\/lucas-pusineri\/\" width=\"100%\" height=\"65px\" frameborder=\"no\" scrolling=\"no\"><\/iframe><\/p>\n","protected":false},"excerpt":{"rendered":"<div class=\"mh-excerpt\"><p>Lucas Pusineri habl\u00f3 en Independiente de Am\u00e9rica sobre la actualidad, la pandemia, la deuda de los jugadores y el armado del plantel \u201cHoy tenemos 50 profesionales y chicos que se pueden sumar. Ning\u00fan equipo tiene <a class=\"mh-excerpt-more\" href=\"https:\/\/www.masrojo.com.ar\/home\/2020\/06\/22\/analizaremos-cada-caso-de-cada-jugador\/\" title=\"\u00abANALIZAREMOS CADA CASO DE CADA JUGADOR\u00bb\">[&#8230;]<\/a><\/p>\n<\/div>","protected":false},"author":6,"featured_media":0,"comment_status":"closed","ping_status":"closed","sticky":false,"template":"","format":"image","meta":{"_jetpack_memberships_contains_paid_content":false,"footnotes":"","jetpack_publicize_message":"","jetpack_publicize_feature_enabled":true,"jetpack_social_post_already_shared":true,"jetpack_social_options":{"image_generator_settings":{"template":"highway","enabled":false},"version":2}},"categories":[4],"tags":[],"class_list":{"0":"post-40364","1":"post","2":"type-post","3":"status-publish","4":"format-image","6":"category-actualidad","7":"post_format-post-format-image"},"jetpack_publicize_connections":[],"jetpack_sharing_enabled":true,"jetpack_featured_media_url":"","jetpack_shortlink":"https:\/\/wp.me\/p90W9F-av2","_links":{"self":[{"href":"https:\/\/www.masrojo.com.ar\/home\/wp-json\/wp\/v2\/posts\/40364"}],"collection":[{"href":"https:\/\/www.masrojo.com.ar\/home\/wp-json\/wp\/v2\/posts"}],"about":[{"href":"https:\/\/www.masrojo.com.ar\/home\/wp-json\/wp\/v2\/types\/post"}],"author":[{"embeddable":true,"href":"https:\/\/www.masrojo.com.ar\/home\/wp-json\/wp\/v2\/users\/6"}],"replies":[{"embeddable":true,"href":"https:\/\/www.masrojo.com.ar\/home\/wp-json\/wp\/v2\/comments?post=40364"}],"version-history":[{"count":1,"href":"https:\/\/www.masrojo.com.ar\/home\/wp-json\/wp\/v2\/posts\/40364\/revisions"}],"predecessor-version":[{"id":40370,"href":"https:\/\/www.masrojo.com.ar\/home\/wp-json\/wp\/v2\/posts\/40364\/revisions\/40370"}],"wp:attachment":[{"href":"https:\/\/www.masrojo.com.ar\/home\/wp-json\/wp\/v2\/media?parent=40364"}],"wp:term":[{"taxonomy":"category","embeddable":true,"href":"https:\/\/www.masrojo.com.ar\/home\/wp-json\/wp\/v2\/categories?post=40364"},{"taxonomy":"post_tag","embeddable":true,"href":"https:\/\/www.masrojo.com.ar\/home\/wp-json\/wp\/v2\/tags?post=40364"}],"curies":[{"name":"wp","href":"https:\/\/api.w.org\/{rel}","templated":true}]}}