{"id":40531,"date":"2020-06-30T20:28:09","date_gmt":"2020-06-30T23:28:09","guid":{"rendered":"https:\/\/www.masrojo.com.ar\/home\/?p=40531"},"modified":"2020-06-30T20:29:02","modified_gmt":"2020-06-30T23:29:02","slug":"pusineri-hablo-de-refuerzos-puede-llegar-biglia","status":"publish","type":"post","link":"https:\/\/www.masrojo.com.ar\/home\/2020\/06\/30\/pusineri-hablo-de-refuerzos-puede-llegar-biglia\/","title":{"rendered":"Pusineri habl\u00f3 de refuerzos: \u00bfPuede llegar Biglia?"},"content":{"rendered":"<p style=\"text-align: justify;\">El entrenador de Independiente Lucas Pusineri habl\u00f3 en Closs Continental sobre varios temas. Refuerzos, salidas y la relaci\u00f3n con Burruchaga.<\/p>\n<p style=\"text-align: justify;\">Luego de las reuniones con el m\u00e1nager dijo que <span class=\"css-901oao css-16my406 r-1qd0xha r-ad9z0x r-bcqeeo r-qvutc0\">\u00abLa presencia de <\/span><span class=\"r-18u37iz\">Jorge Burruchaga <\/span>viene bien. Estamos bien comunicados. Es el nexo entre los jugadores y la Comisi\u00f3n Directiva. Estamos armando un buen equipo de trabajo. Las charlas que hemos tenido me han dejado conforme. Nunca tuve problema con \u00e9l. Cuando las cosas son claras, est\u00e1 todo bien\u00bb.<\/p>\n<p style=\"text-align: justify;\">Sobre la licencia al plantel explic\u00f3 que \u00abLa idea era tener un receso, comenzamos una licencia el d\u00eda s\u00e1bado con el plantel por el tema cierre de contratos. Queremos acomodarnos bien y tener un nuevo comienzo\u00bb.<\/p>\n<p style=\"text-align: justify;\">En cuanto a retorno de jugadores dijo que \u00abSeguramente As\u00eds y Messiniti van a estar con nosotros, tuvieron rodaje en Temperley\u00bb. Y que \u00abFernando Gaibor regresa de su pr\u00e9stamo y es una posibilidad, porque todav\u00eda no tenemos en claro c\u00f3mo se conformar\u00e1 el plantel. En ese puesto tenemos a Andr\u00e9s Roa, Alan So\u00f1ora, Domingo Blanco\u00bb.<\/p>\n<div class=\"css-1dbjc4n\">\n<div id=\"tweet-text\" class=\"css-901oao r-hkyrab r-1qd0xha r-a023e6 r-16dba41 r-ad9z0x r-bcqeeo r-bnwqim r-qvutc0\" dir=\"auto\" lang=\"es\"><span class=\"css-901oao css-16my406 r-1qd0xha r-ad9z0x r-bcqeeo r-qvutc0\">\u00abAndr\u00e9s Roa es un futbolista que ha rendido. Le dimos rodaje los \u00faltimos partidos y lo ha hecho bien. Por suerte podremos contar con \u00e9l\u00bb<\/span><\/div>\n<\/div>\n<div class=\"css-1dbjc4n\">\n<div id=\"tweet-rich-content-label\" class=\"css-1dbjc4n\" aria-labelledby=\"quote-tweet-label\">\n<div class=\"css-1dbjc4n r-1udh08x\">\n<div class=\"css-1dbjc4n r-9x6qib r-t23y2h r-1phboty r-rs99b7 r-156q2ks r-1udh08x\">\n<div class=\"css-1dbjc4n\">\n<div class=\"css-1dbjc4n r-1adg3ll r-1udh08x\">\n<div class=\"r-1adg3ll r-13qz1uu\"><\/div>\n<div class=\"r-1p0dtai r-1pi2tsx r-1d2f490 r-u8s1d r-ipm5af r-13qz1uu\">\n<div class=\"css-1dbjc4n r-1p0dtai r-1mlwlqe r-1d2f490 r-11wrixw r-61z16t r-1udh08x r-u8s1d r-zchlnj r-ipm5af r-417010\" aria-label=\"Imagen\" data-testid=\"tweetPhoto\">\n<div class=\"css-1dbjc4n r-1niwhzg r-vvn4in r-u6sd8q r-4gszlv r-1p0dtai r-1pi2tsx r-1d2f490 r-u8s1d r-zchlnj r-ipm5af r-13qz1uu r-1wyyakw\"><\/div>\n<p><img decoding=\"async\" class=\"css-9pa8cd aligncenter\" draggable=\"true\" src=\"https:\/\/pbs.twimg.com\/media\/Eby_cD5WoAIWVkm?format=jpg&amp;name=small\" alt=\"Imagen\" \/><\/div>\n<\/div>\n<\/div>\n<\/div>\n<\/div>\n<\/div>\n<\/div>\n<\/div>\n<p style=\"text-align: justify;\">Adem\u00e1s dijo que \u00abEst\u00e1 el caso de Gast\u00f3n Silva que se fue e iremos a buscar a alguien que ocupe su lugar\u00bb.<\/p>\n<p><img decoding=\"async\" class=\"aligncenter\" src=\"https:\/\/pbs.twimg.com\/media\/EbyxyQbXsAA0l5X?format=jpg&amp;name=small\" alt=\"Imagen\" \/><\/p>\n<p style=\"text-align: justify;\">Consultado por los refuerzos dijo que \u00abA Lucas Biglia le mand\u00e9 un mensaje hoy y todav\u00eda no me respondi\u00f3. Yo ya inici\u00e9 mi charla con \u00e9l y seguramente en estos d\u00edas pueda hablar con \u00e9l. Veremos cu\u00e1l es su idea, yo plantear\u00e9 la m\u00eda y veremos si podemos llegar a buen puerto\u00bb.<\/p>\n<p><img decoding=\"async\" class=\"aligncenter\" src=\"https:\/\/pbs.twimg.com\/media\/EbyyuQ-X0AUDzjo?format=jpg&amp;name=small\" alt=\"Imagen\" \/><\/p>\n<p style=\"text-align: justify;\">Y que \u00abCon David Abraham tuve una charla. Hizo una excelente carrera en Alemania y tambi\u00e9n lo busco porque puede ser ejemplo para los m\u00e1s chicos. Decidi\u00f3 quedarse all\u00e1 hasta diciembre y a fin de a\u00f1o volveremos a hablar; ahora tiene un compromiso all\u00e1\u00bb.<\/p>\n<p><img loading=\"lazy\" decoding=\"async\" class=\"aligncenter\" src=\"https:\/\/pbs.twimg.com\/media\/Ebyzlz_WkAArWtg?format=jpg&amp;name=small\" alt=\"Imagen\" width=\"505\" height=\"299\" \/><\/p>\n<p style=\"text-align: justify;\">\u00abAl Kun Ag\u00fcero le escribo y me responde, no me clava el visto. Le mand\u00e9 hace pocos d\u00edas, tenemos una relaci\u00f3n fluida, fui su primer capit\u00e1n. Es una ilusi\u00f3n que regrese y poder disfrutarlo como DT. Por ahora est\u00e1 lejano, s\u00f3lo es una ilusi\u00f3n\u00bb.<\/p>\n<p><img decoding=\"async\" class=\"aligncenter\" src=\"https:\/\/pbs.twimg.com\/media\/EbyzPgxWAAIkz-K?format=jpg&amp;name=small\" alt=\"Imagen\" \/><\/p>\n<p><iframe loading=\"lazy\" src=\"\/\/radiocut.fm\/audiocut\/embed\/mini\/independiente-lucas-pusineri\/\" width=\"100%\" height=\"65px\" frameborder=\"no\" scrolling=\"no\"><\/iframe><\/p>\n","protected":false},"excerpt":{"rendered":"<div class=\"mh-excerpt\"><p>El entrenador de Independiente Lucas Pusineri habl\u00f3 en Closs Continental sobre varios temas. Refuerzos, salidas y la relaci\u00f3n con Burruchaga. Luego de las reuniones con el m\u00e1nager dijo que \u00abLa presencia de Jorge Burruchaga viene <a class=\"mh-excerpt-more\" href=\"https:\/\/www.masrojo.com.ar\/home\/2020\/06\/30\/pusineri-hablo-de-refuerzos-puede-llegar-biglia\/\" title=\"Pusineri habl\u00f3 de refuerzos: \u00bfPuede llegar Biglia?\">[&#8230;]<\/a><\/p>\n<\/div>","protected":false},"author":6,"featured_media":0,"comment_status":"closed","ping_status":"closed","sticky":false,"template":"","format":"audio","meta":{"_jetpack_memberships_contains_paid_content":false,"footnotes":"","jetpack_publicize_message":"","jetpack_publicize_feature_enabled":true,"jetpack_social_post_already_shared":true,"jetpack_social_options":{"image_generator_settings":{"template":"highway","enabled":false},"version":2}},"categories":[4],"tags":[],"class_list":{"0":"post-40531","1":"post","2":"type-post","3":"status-publish","4":"format-audio","6":"category-actualidad","7":"post_format-post-format-audio"},"jetpack_publicize_connections":[],"jetpack_sharing_enabled":true,"jetpack_featured_media_url":"","jetpack_shortlink":"https:\/\/wp.me\/p90W9F-axJ","_links":{"self":[{"href":"https:\/\/www.masrojo.com.ar\/home\/wp-json\/wp\/v2\/posts\/40531"}],"collection":[{"href":"https:\/\/www.masrojo.com.ar\/home\/wp-json\/wp\/v2\/posts"}],"about":[{"href":"https:\/\/www.masrojo.com.ar\/home\/wp-json\/wp\/v2\/types\/post"}],"author":[{"embeddable":true,"href":"https:\/\/www.masrojo.com.ar\/home\/wp-json\/wp\/v2\/users\/6"}],"replies":[{"embeddable":true,"href":"https:\/\/www.masrojo.com.ar\/home\/wp-json\/wp\/v2\/comments?post=40531"}],"version-history":[{"count":2,"href":"https:\/\/www.masrojo.com.ar\/home\/wp-json\/wp\/v2\/posts\/40531\/revisions"}],"predecessor-version":[{"id":40538,"href":"https:\/\/www.masrojo.com.ar\/home\/wp-json\/wp\/v2\/posts\/40531\/revisions\/40538"}],"wp:attachment":[{"href":"https:\/\/www.masrojo.com.ar\/home\/wp-json\/wp\/v2\/media?parent=40531"}],"wp:term":[{"taxonomy":"category","embeddable":true,"href":"https:\/\/www.masrojo.com.ar\/home\/wp-json\/wp\/v2\/categories?post=40531"},{"taxonomy":"post_tag","embeddable":true,"href":"https:\/\/www.masrojo.com.ar\/home\/wp-json\/wp\/v2\/tags?post=40531"}],"curies":[{"name":"wp","href":"https:\/\/api.w.org\/{rel}","templated":true}]}}