{"id":41655,"date":"2020-08-03T11:38:22","date_gmt":"2020-08-03T14:38:22","guid":{"rendered":"https:\/\/www.masrojo.com.ar\/home\/?p=41655"},"modified":"2020-08-03T11:38:22","modified_gmt":"2020-08-03T14:38:22","slug":"no-hablamos-con-independiente-sobre-franco","status":"publish","type":"post","link":"https:\/\/www.masrojo.com.ar\/home\/2020\/08\/03\/no-hablamos-con-independiente-sobre-franco\/","title":{"rendered":"\u201cNO HABLAMOS CON INDEPENDIENTE SOBRE FRANCO\u201d"},"content":{"rendered":"<p style=\"text-align: justify;\"><em>Fernando Leiro, presidente de San Telmo, se refiri\u00f3 al defensor del \u201cRojo\u201d en\u00a0<strong>Radio Rivadavia AM 630.<\/strong><\/em><\/p>\n<p style=\"text-align: justify;\">El Dinamo Zagreb de Croacia est\u00e1 interesado Alan Franco y envi\u00f3 una propuesta de 4.3 millones de d\u00f3lares por el 90 por ciento pase. Pero Independiente pretende 5 millones de USD netos y por eso la operaci\u00f3n est\u00e1 trabada.<\/p>\n<p style=\"text-align: justify;\">Por su parte, San Telmo reclamar\u00e1 el dinero que le corresponde por ser el due\u00f1o del 20 por ciento de la ficha del futbolista.<\/p>\n<p style=\"text-align: justify;\"><em>\u201cEn realidad no hubo ninguna charla nueva para tratar este tema. Me llam\u00f3 Jorge Damiani y yo estaba en una reuni\u00f3n por Zoom. Le dije que lo llamaba m\u00e1s tarde y luego no pudo atenderme, as\u00ed que le dej\u00e9 un mensaje. No hubo m\u00e1s contactos\u201d,<\/em>\u00a0declar\u00f3 el presidente de Almagro, Fernando Leiro.<\/p>\n<p style=\"text-align: justify;\">En el\u00a0<strong><em>Show de la Oral,\u00a0<\/em><\/strong>Leiro expres\u00f3:\u00a0<em>\u201cFranco lleg\u00f3 desde muy chiquito a San Telmo. El club tiene el 20% del pase. Cuando Independiente compr\u00f3 al jugador lo hizo en 3 pagos. Uno por debutar en Primera, otro por jugar 10 partidos y otro por 25 partidos\u201d.<\/em><\/p>\n<p style=\"text-align: justify;\"><em>\u201cEl rol de San Telmo es secundario en esta transferencia, ya que tenemos el 20% del pase en un acuerdo que se firm\u00f3 hace cuatro a\u00f1os, en 2016 y no hay m\u00e1s para decir\u201d,<\/em>\u00a0concluy\u00f3 el presidente del \u201cCandombero\u201d.<\/p>\n","protected":false},"excerpt":{"rendered":"<div class=\"mh-excerpt\"><p>Fernando Leiro, presidente de San Telmo, se refiri\u00f3 al defensor del \u201cRojo\u201d en\u00a0Radio Rivadavia AM 630. El Dinamo Zagreb de Croacia est\u00e1 interesado Alan Franco y envi\u00f3 una propuesta de 4.3 millones de d\u00f3lares por <a class=\"mh-excerpt-more\" href=\"https:\/\/www.masrojo.com.ar\/home\/2020\/08\/03\/no-hablamos-con-independiente-sobre-franco\/\" title=\"\u201cNO HABLAMOS CON INDEPENDIENTE SOBRE FRANCO\u201d\">[&#8230;]<\/a><\/p>\n<\/div>","protected":false},"author":6,"featured_media":0,"comment_status":"closed","ping_status":"closed","sticky":false,"template":"","format":"image","meta":{"_jetpack_memberships_contains_paid_content":false,"footnotes":"","jetpack_publicize_message":"","jetpack_publicize_feature_enabled":true,"jetpack_social_post_already_shared":true,"jetpack_social_options":{"image_generator_settings":{"template":"highway","enabled":false},"version":2}},"categories":[4],"tags":[],"class_list":{"0":"post-41655","1":"post","2":"type-post","3":"status-publish","4":"format-image","6":"category-actualidad","7":"post_format-post-format-image"},"jetpack_publicize_connections":[],"jetpack_sharing_enabled":true,"jetpack_featured_media_url":"","jetpack_shortlink":"https:\/\/wp.me\/p90W9F-aPR","_links":{"self":[{"href":"https:\/\/www.masrojo.com.ar\/home\/wp-json\/wp\/v2\/posts\/41655"}],"collection":[{"href":"https:\/\/www.masrojo.com.ar\/home\/wp-json\/wp\/v2\/posts"}],"about":[{"href":"https:\/\/www.masrojo.com.ar\/home\/wp-json\/wp\/v2\/types\/post"}],"author":[{"embeddable":true,"href":"https:\/\/www.masrojo.com.ar\/home\/wp-json\/wp\/v2\/users\/6"}],"replies":[{"embeddable":true,"href":"https:\/\/www.masrojo.com.ar\/home\/wp-json\/wp\/v2\/comments?post=41655"}],"version-history":[{"count":1,"href":"https:\/\/www.masrojo.com.ar\/home\/wp-json\/wp\/v2\/posts\/41655\/revisions"}],"predecessor-version":[{"id":41662,"href":"https:\/\/www.masrojo.com.ar\/home\/wp-json\/wp\/v2\/posts\/41655\/revisions\/41662"}],"wp:attachment":[{"href":"https:\/\/www.masrojo.com.ar\/home\/wp-json\/wp\/v2\/media?parent=41655"}],"wp:term":[{"taxonomy":"category","embeddable":true,"href":"https:\/\/www.masrojo.com.ar\/home\/wp-json\/wp\/v2\/categories?post=41655"},{"taxonomy":"post_tag","embeddable":true,"href":"https:\/\/www.masrojo.com.ar\/home\/wp-json\/wp\/v2\/tags?post=41655"}],"curies":[{"name":"wp","href":"https:\/\/api.w.org\/{rel}","templated":true}]}}