{"id":41671,"date":"2020-08-04T20:56:59","date_gmt":"2020-08-04T23:56:59","guid":{"rendered":"https:\/\/www.masrojo.com.ar\/home\/?p=41671"},"modified":"2020-08-04T20:56:59","modified_gmt":"2020-08-04T23:56:59","slug":"de-aca-a-siete-semanas-se-llega-bien-al-comienzo-del-torneo","status":"publish","type":"post","link":"https:\/\/www.masrojo.com.ar\/home\/2020\/08\/04\/de-aca-a-siete-semanas-se-llega-bien-al-comienzo-del-torneo\/","title":{"rendered":"\u00abDe ac\u00e1 a siete semanas se llega bien al comienzo del torneo\u00bb"},"content":{"rendered":"<p style=\"text-align: justify;\">El preparador f\u00edsico de Independiente habl\u00f3 una vez consumada la vuelta a los entrenamientos y cont\u00f3 c\u00f3mo se encuentra su plantel para el retorno.<\/p>\n<p style=\"text-align: justify;\">Ariel Perticarari, preparador f\u00edsico de Independiente, recomend\u00f3 esta noche que en el regreso a los entrenamientos los jugadores deben trabajar \u00abcon pelota\u00bb desde el primer d\u00eda de actividad.<\/p>\n<p style=\"text-align: justify;\">\u00abCreo que desde el primer d\u00eda hay que trabajar con pelota. Hay que desarrollar labores t\u00e9cnicas espec\u00edficas, pero esas tareas incluyen pelota tambi\u00e9n\u00bb expres\u00f3 el ayudante de campo del t\u00e9cnico principal, Lucas Pusineri.<\/p>\n<p style=\"text-align: justify;\">Tras una reuni\u00f3n desarrollada esta tarde en Casa de Gobierno, el Ministerio de Salud autoriz\u00f3 que los planteles de Primera Divisi\u00f3n del f\u00fatbol argentino practiquen en grupos de no m\u00e1s de seis jugadores por cancha, a partir del lunes 10 del corriente.<\/p>\n<p style=\"text-align: justify;\">\u00abSer\u00e1 un comienzo paulatino y habr\u00e1 un aumento progresivo de las cargas. Esta situaci\u00f3n de la pandemia fue muy irregular, anormal, muy distinta a cualquier arranque de pretemporada\u00bb, destac\u00f3 Perticarari al programa \u00c2\u2018Closs Continental\u00c2\u2019 (AM 590).<\/p>\n<p style=\"text-align: justify;\">El exjugador de Almagro, Temperley y Sportivo Italiano, de 52 a\u00f1os, remarc\u00f3 que lo primero que hay que resolver \u00abes la adaptaci\u00f3n en lo f\u00edsico\u00bb.<\/p>\n<p style=\"text-align: justify;\">A contramano de lo que pudieron manifestar algunos colegas e, inclusive, hasta algunos futbolistas, el profesor Perticarari consider\u00f3 que \u00ablas pr\u00e1cticas por Zoom\u00bb durante la cuarentena \u00absirvieron y bastante\u00bb.<\/p>\n<p style=\"text-align: justify;\">\u00abPor suerte en el plantel de Independiente casi el 80 por ciento pudo trabajar en espacios grandes al aire libre y no en departamentos\u00bb, grafic\u00f3.<\/p>\n<p style=\"text-align: justify;\">Perticarari consider\u00f3 que \u00abde seis a siete semanas\u00bb es el per\u00edodo \u00abl\u00f3gico\u00bb para que los planteles se aclimaten en el aspecto f\u00edsico y no sufran por el abrupto retorno a la competencia oficial.<\/p>\n<p style=\"text-align: justify;\">\u00abCada etapa tendr\u00e1 un per\u00edodo de adaptaci\u00f3n. A mi me parece que si la reanudaci\u00f3n del campeonato se da a fines de septiembre o durante la primera semana de octubre llegar\u00edamos bien\u00bb finaliz\u00f3 Perticarari.<\/p>\n<p style=\"text-align: justify;\"><iframe loading=\"lazy\" src=\"\/\/ar.radiocut.fm\/audiocut\/embed\/mini\/ariel-perticarari-en-closs-continental\/\" width=\"100%\" height=\"65px\" frameborder=\"no\" scrolling=\"no\"><\/iframe><\/p>\n","protected":false},"excerpt":{"rendered":"<div class=\"mh-excerpt\"><p>El preparador f\u00edsico de Independiente habl\u00f3 una vez consumada la vuelta a los entrenamientos y cont\u00f3 c\u00f3mo se encuentra su plantel para el retorno. Ariel Perticarari, preparador f\u00edsico de Independiente, recomend\u00f3 esta noche que en <a class=\"mh-excerpt-more\" href=\"https:\/\/www.masrojo.com.ar\/home\/2020\/08\/04\/de-aca-a-siete-semanas-se-llega-bien-al-comienzo-del-torneo\/\" title=\"\u00abDe ac\u00e1 a siete semanas se llega bien al comienzo del torneo\u00bb\">[&#8230;]<\/a><\/p>\n<\/div>","protected":false},"author":6,"featured_media":0,"comment_status":"closed","ping_status":"closed","sticky":false,"template":"","format":"audio","meta":{"_jetpack_memberships_contains_paid_content":false,"footnotes":"","jetpack_publicize_message":"","jetpack_publicize_feature_enabled":true,"jetpack_social_post_already_shared":true,"jetpack_social_options":{"image_generator_settings":{"template":"highway","enabled":false},"version":2}},"categories":[4],"tags":[],"class_list":{"0":"post-41671","1":"post","2":"type-post","3":"status-publish","4":"format-audio","6":"category-actualidad","7":"post_format-post-format-audio"},"jetpack_publicize_connections":[],"jetpack_sharing_enabled":true,"jetpack_featured_media_url":"","jetpack_shortlink":"https:\/\/wp.me\/p90W9F-aQ7","_links":{"self":[{"href":"https:\/\/www.masrojo.com.ar\/home\/wp-json\/wp\/v2\/posts\/41671"}],"collection":[{"href":"https:\/\/www.masrojo.com.ar\/home\/wp-json\/wp\/v2\/posts"}],"about":[{"href":"https:\/\/www.masrojo.com.ar\/home\/wp-json\/wp\/v2\/types\/post"}],"author":[{"embeddable":true,"href":"https:\/\/www.masrojo.com.ar\/home\/wp-json\/wp\/v2\/users\/6"}],"replies":[{"embeddable":true,"href":"https:\/\/www.masrojo.com.ar\/home\/wp-json\/wp\/v2\/comments?post=41671"}],"version-history":[{"count":1,"href":"https:\/\/www.masrojo.com.ar\/home\/wp-json\/wp\/v2\/posts\/41671\/revisions"}],"predecessor-version":[{"id":41677,"href":"https:\/\/www.masrojo.com.ar\/home\/wp-json\/wp\/v2\/posts\/41671\/revisions\/41677"}],"wp:attachment":[{"href":"https:\/\/www.masrojo.com.ar\/home\/wp-json\/wp\/v2\/media?parent=41671"}],"wp:term":[{"taxonomy":"category","embeddable":true,"href":"https:\/\/www.masrojo.com.ar\/home\/wp-json\/wp\/v2\/categories?post=41671"},{"taxonomy":"post_tag","embeddable":true,"href":"https:\/\/www.masrojo.com.ar\/home\/wp-json\/wp\/v2\/tags?post=41671"}],"curies":[{"name":"wp","href":"https:\/\/api.w.org\/{rel}","templated":true}]}}