{"id":41692,"date":"2020-08-04T21:14:03","date_gmt":"2020-08-05T00:14:03","guid":{"rendered":"https:\/\/www.masrojo.com.ar\/home\/?p=41692"},"modified":"2020-08-04T21:14:03","modified_gmt":"2020-08-05T00:14:03","slug":"romero-cecilio-dominguez-franco-y-mas-la-postura-de-burruchaga-caso-por-caso","status":"publish","type":"post","link":"https:\/\/www.masrojo.com.ar\/home\/2020\/08\/04\/romero-cecilio-dominguez-franco-y-mas-la-postura-de-burruchaga-caso-por-caso\/","title":{"rendered":"Romero, Cecilio Dom\u00ednguez, Franco y m\u00e1s: la postura de Burruchaga caso por caso"},"content":{"rendered":"<p class=\"bajada\" style=\"text-align: justify;\"><em>El manager de Independiente asegur\u00f3 que not\u00f3 \u00abentusiasmado\u00bb al capit\u00e1n en su \u00faltima reuni\u00f3n. Adem\u00e1s, dijo que el atacante paraguayo \u00abdecidi\u00f3 no volver\u00bb y que la oferta por el defensor fue rechazada.<\/em><\/p>\n<p class=\"capital\" style=\"text-align: justify;\"><em>Jorge Burruchaga, manager de Independiente, se refiri\u00f3 a varios de los casos de futbolistas que podr\u00edan dejar (o no) el club, en diferentes contextos:\u00a0Silvio Romero,\u00a0Cecilio Dom\u00ednguez\u00a0y Alan Franco. Adem\u00e1s, en di\u00e1logo con\u00a0Superf\u00fatbol, opin\u00f3 de la chance de reforzarse con Emanuel Gularte, defensor uruguayo del Puebla de M\u00e9xico.\u00a0<\/em><\/p>\n<div id=\"inline\" data-google-query-id=\"CLO2vYvjgusCFYMFuQYdLnEOLg\">\n<div id=\"google_ads_iframe_\/125006397\/tyc\/nota\/inline_0__container__\"><iframe id=\"google_ads_iframe_\/125006397\/tyc\/nota\/inline_0\" title=\"3rd party ad content\" name=\"google_ads_iframe_\/125006397\/tyc\/nota\/inline_0\" width=\"1\" height=\"1\" frameborder=\"0\" marginwidth=\"0\" marginheight=\"0\" scrolling=\"no\" data-google-container-id=\"c\" data-load-complete=\"true\" data-mce-fragment=\"1\"><\/iframe><\/div>\n<\/div>\n<p style=\"text-align: justify;\"><em><b>SILVIO ROMERO:\u00a0<\/b>\u00abSilvio firm\u00f3 un arreglo con el club. No se dio nada, m\u00e1s all\u00e1 de los rumores. Vino a charlar con nosotros. Estuvimos hablando m\u00e1s de una hora, de lo deportivo, con\u00a0Pablo Moyano\u00a0y Jorge Damiani. Lo vi entusiasmado, con ganas de poder continuar. Yo manejo lo deportivo junto a\u00a0Lucas Pusineri\u00a0y tratar de convencer. Nos fuimos todos satisfechos. Ojal\u00e1 se quede. Es todo palabrer\u00edo, posibilidades. En el momento que fuimos a charlar fue para lograr un acuerdo deportivo\u00bb.<\/em><\/p>\n<p style=\"text-align: justify;\"><em>\u00abHay muy buenos chicos, pero tienen que estar respaldados por gente de experiencia. Silvio es el capit\u00e1n, el l\u00edder, la referencia. Rodean a esos chicos que se puedan exprimir de la mejor manera\u00bb.\u00a0<\/em><\/p>\n<p style=\"text-align: justify;\"><em><b>CECILIO DOM\u00cdNGUEZ:<\/b>\u00a0\u00abHabl\u00e9 yo desde lo deportivo, con la idea de seguir contando con \u00e9l. Va a haber un diagn\u00f3stico. Hay que charlar en el d\u00eda a d\u00eda. Estamos hablando con Pusineri, un an\u00e1lisis deportivo. De Cecilio habl\u00e9. Una charla muy extensa. \u00c9l decidi\u00f3 que no quer\u00eda volver, que no quer\u00eda seguir en el club por diversos motivos. La respuesta m\u00eda es decirle &#8216;si tom\u00e1s esta posici\u00f3n y cre\u00e9s que sos libre, entra en un plano que no es el m\u00edo&#8217;. \u00c9l se decreta libre y el club tiene su abogado que defiende los intereses y pas\u00f3 a un litigio\u00bb.<\/em><\/p>\n<div class=\"genoa-embed-content-961795\">\n<div class=\"videojs vjs-fluid\">\n<div class=\"genoa-share\">\n<div id=\"share-button\"><\/div>\n<\/div>\n<\/div>\n<div id=\"vid-list-container-content-961795\" class=\"vid-list-container\"><em><b>ALAN FRANCO:<\/b>\u00a0\u00abLleg\u00f3 una propuesta (del Dinamo Zagreb de Croacia). La \u00faltima no es buena para Independiente. Eso lo decidi\u00f3 el presidente. Se lo hicimos entender a su gente. Es un jugador importante\u00bb.<\/em><\/div>\n<\/div>\n<p style=\"text-align: justify;\"><em><b>EMANUEL GULARTE:\u00a0<\/b>\u00abCon este chico uruguayo se habl\u00f3 a principios de a\u00f1o. Est\u00e1 dentro de lo que se habl\u00f3 con\u00a0Lucas Pusineri, en el famoso plan A, plan B, plan C. Se habl\u00f3. Vamos a ver c\u00f3mo transcurre. Tambi\u00e9n hay otro. Es un jugador interesante\u00bb.\u00a0<\/em><\/p>\n","protected":false},"excerpt":{"rendered":"<div class=\"mh-excerpt\"><p>El manager de Independiente asegur\u00f3 que not\u00f3 \u00abentusiasmado\u00bb al capit\u00e1n en su \u00faltima reuni\u00f3n. Adem\u00e1s, dijo que el atacante paraguayo \u00abdecidi\u00f3 no volver\u00bb y que la oferta por el defensor fue rechazada. Jorge Burruchaga, manager <a class=\"mh-excerpt-more\" href=\"https:\/\/www.masrojo.com.ar\/home\/2020\/08\/04\/romero-cecilio-dominguez-franco-y-mas-la-postura-de-burruchaga-caso-por-caso\/\" title=\"Romero, Cecilio Dom\u00ednguez, Franco y m\u00e1s: la postura de Burruchaga caso por caso\">[&#8230;]<\/a><\/p>\n<\/div>","protected":false},"author":6,"featured_media":0,"comment_status":"closed","ping_status":"closed","sticky":false,"template":"","format":"image","meta":{"_jetpack_memberships_contains_paid_content":false,"footnotes":"","jetpack_publicize_message":"","jetpack_publicize_feature_enabled":true,"jetpack_social_post_already_shared":true,"jetpack_social_options":{"image_generator_settings":{"template":"highway","enabled":false},"version":2}},"categories":[4],"tags":[],"class_list":{"0":"post-41692","1":"post","2":"type-post","3":"status-publish","4":"format-image","6":"category-actualidad","7":"post_format-post-format-image"},"jetpack_publicize_connections":[],"jetpack_sharing_enabled":true,"jetpack_featured_media_url":"","jetpack_shortlink":"https:\/\/wp.me\/p90W9F-aQs","_links":{"self":[{"href":"https:\/\/www.masrojo.com.ar\/home\/wp-json\/wp\/v2\/posts\/41692"}],"collection":[{"href":"https:\/\/www.masrojo.com.ar\/home\/wp-json\/wp\/v2\/posts"}],"about":[{"href":"https:\/\/www.masrojo.com.ar\/home\/wp-json\/wp\/v2\/types\/post"}],"author":[{"embeddable":true,"href":"https:\/\/www.masrojo.com.ar\/home\/wp-json\/wp\/v2\/users\/6"}],"replies":[{"embeddable":true,"href":"https:\/\/www.masrojo.com.ar\/home\/wp-json\/wp\/v2\/comments?post=41692"}],"version-history":[{"count":1,"href":"https:\/\/www.masrojo.com.ar\/home\/wp-json\/wp\/v2\/posts\/41692\/revisions"}],"predecessor-version":[{"id":41698,"href":"https:\/\/www.masrojo.com.ar\/home\/wp-json\/wp\/v2\/posts\/41692\/revisions\/41698"}],"wp:attachment":[{"href":"https:\/\/www.masrojo.com.ar\/home\/wp-json\/wp\/v2\/media?parent=41692"}],"wp:term":[{"taxonomy":"category","embeddable":true,"href":"https:\/\/www.masrojo.com.ar\/home\/wp-json\/wp\/v2\/categories?post=41692"},{"taxonomy":"post_tag","embeddable":true,"href":"https:\/\/www.masrojo.com.ar\/home\/wp-json\/wp\/v2\/tags?post=41692"}],"curies":[{"name":"wp","href":"https:\/\/api.w.org\/{rel}","templated":true}]}}