{"id":41699,"date":"2020-08-04T21:18:51","date_gmt":"2020-08-05T00:18:51","guid":{"rendered":"https:\/\/www.masrojo.com.ar\/home\/?p=41699"},"modified":"2020-08-04T21:18:51","modified_gmt":"2020-08-05T00:18:51","slug":"chiqui-tapia-el-10-de-agosto-vuelve-el-futbol","status":"publish","type":"post","link":"https:\/\/www.masrojo.com.ar\/home\/2020\/08\/04\/chiqui-tapia-el-10-de-agosto-vuelve-el-futbol\/","title":{"rendered":"Chiqui Tapia: \u201cEl 10 de agosto vuelve el f\u00fatbol\u201d"},"content":{"rendered":"<div class=\"articleTop\">\n<p class=\"bajada\" style=\"text-align: justify;\">Luego de la reuni\u00f3n entre el Gobierno Nacional y los directivos del f\u00fatbol argentino, se defini\u00f3 que todos los equipos de la Liga Profesional retomar\u00e1n las pr\u00e1cticas el lunes, mientras que el Ascenso deber\u00e1 esperar un poco m\u00e1s.<\/p>\n<\/div>\n<div class=\"articleMedia\">\n<div id=\"genoa_player_id_110220\" class=\"genoa_player\">\n<div class=\"genoa-embed-content-961975\">\n<div class=\"videojs vjs-fluid\">\n<div class=\"genoa-share\">\n<div id=\"share-button\">\n<p class=\"capital\" style=\"text-align: justify;\">Finalmente, la reuni\u00f3n entre el Gobierno Nacional y los dirigentes de la Asociaci\u00f3n del\u00a0F\u00fatbol\u00a0Argentino lleg\u00f3 a buen puerto y se determin\u00f3 que\u00a0<b>los equipos de la Primera Divisi\u00f3n regresar\u00e1n a las pr\u00e1cticas a partir del lunes 10 de agosto<\/b>.<\/p>\n<p><iframe loading=\"lazy\" src=\"https:\/\/www.youtube.com\/embed\/Rr1rBfQHLog\" width=\"560\" height=\"315\" frameborder=\"0\" allowfullscreen=\"allowfullscreen\"><\/iframe><\/p>\n<p>&nbsp;<\/p>\n<div class=\"articleMedia\">\n<div id=\"genoa_player_id_110220\" class=\"genoa_player\">\n<div class=\"genoa-embed-content-961975\">\n<div class=\"videojs vjs-fluid\">\n<div class=\"genoa-share\">\n<div id=\"share-button\">\n<p style=\"text-align: justify;\">Si bien inicialmente se especulaba con un regreso inicial de los cinco equipos argentinos que disputan la\u00a0Copa Libertadores, se termin\u00f3 decidiendo que\u00a0<b>regresen todos juntos<\/b>, salvo los equipos del Ascenso. M\u00e1s all\u00e1 de esto,\u00a0<b>se decidi\u00f3 que adem\u00e1s Tigre pueda retomar las pr\u00e1cticas<\/b>, siendo que si bien pertenece al Ascenso, debe competir en la Libertadores.<\/p>\n<p style=\"text-align: justify;\">Justamente el resto de los equipos de las categor\u00edas inferiores del f\u00fatbol argentino\u00a0<b>deber\u00e1n aguardar un poco m\u00e1s para volver a la actividad<\/b>: \u00ab<i>Ya est\u00e1n las fechas, faltan publicarlas.\u00a0<\/i><b>El 30 de agosto se har\u00e1n los testeos para la\u00a0Primera Nacional, comenzando los entrenamientos el d\u00eda 2. Del 7 al 9 de septiembre se realizar\u00e1n los testeos de la B Metropolitana, C, D y los 30 equipos del\u00a0Federal A<\/b>\u00ab, sostuvo\u00a0Claudio Tapia, presidente de la AFA.<\/p>\n<div id=\"genoa_player_id_110212\" class=\"genoa_player\" style=\"text-align: justify;\">\n<div class=\"genoa-embed-content-961963\">\n<div class=\"videojs vjs-fluid\">\n<div class=\"genoa-share\">\n<div id=\"share-button\"><\/div>\n<\/div>\n<div id=\"skip\">En cuanto al protocolo a seguir, Tapia solamente aclar\u00f3 que el regreso estar\u00e1 supeditado al previo control de todo los planteles mediante hisopados. \u00ab<i>Tenemos que trabajar r\u00e1pidamente para poder realizarlos este fin de semana para llegar al lunes<\/i>\u00ab, explic\u00f3.<\/div>\n<\/div>\n<\/div>\n<\/div>\n<p style=\"text-align: justify;\">Al mismo tiempo, Tapia se encarg\u00f3 de remarcar la buena predisposici\u00f3n por parte del Gobierno Nacional, que permiti\u00f3 que sean todos los equipos de Primera los que puedan volver el 10: \u00ab<i>La verdad es que ten\u00edan muy buena predisposici\u00f3n. Hab\u00edamos venido con la idea de comenzar con los equipos de la Libertadores primero y los dem\u00e1s acompa\u00f1aban esta decisi\u00f3n.\u00a0<\/i><b>Pero nos encontramos con esta gran noticia de que, a partir del lunes y una vez realizados los testeos, puedan entrenar todos<\/b>\u00ab.<\/p>\n<p style=\"text-align: justify;\">Finalmente, con respecto a los viajes internacionales que deber\u00e1n afrontar los equipo que compiten a nivel internacional y los protocolos de aislamiento a seguir, Tapia explic\u00f3 que \u00ab<i>eso es un tema\u00a0<\/i><b>para hablar m\u00e1s adelante<\/b>\u00bb e incluso puntualiz\u00f3 que \u00ab<i>hay que ver si los aeropuertos est\u00e1n abiertos<\/i>\u00bb cuando les toque viajar.<\/p>\n<p style=\"text-align: justify;\">Por su parte, el Ministro de Salud, Gin\u00e9s Gonz\u00e1lez Garc\u00eda, habl\u00f3 de la decisi\u00f3n que se tom\u00f3 a trav\u00e9s de su cuenta de Twitter: \u00abSabemos que el f\u00fatbol es una pasi\u00f3n que involucra a muchas personas en la regi\u00f3n y justamente es por eso que debemos ser cuidadosos al planear su regreso\u00bb.<\/p>\n<\/div>\n<\/div>\n<\/div>\n<\/div>\n<\/div>\n<\/div>\n<\/div>\n<\/div>\n<\/div>\n<\/div>\n<\/div>\n<\/div>\n","protected":false},"excerpt":{"rendered":"<div class=\"mh-excerpt\"><p>Luego de la reuni\u00f3n entre el Gobierno Nacional y los directivos del f\u00fatbol argentino, se defini\u00f3 que todos los equipos de la Liga Profesional retomar\u00e1n las pr\u00e1cticas el lunes, mientras que el Ascenso deber\u00e1 esperar <a class=\"mh-excerpt-more\" href=\"https:\/\/www.masrojo.com.ar\/home\/2020\/08\/04\/chiqui-tapia-el-10-de-agosto-vuelve-el-futbol\/\" title=\"Chiqui Tapia: \u201cEl 10 de agosto vuelve el f\u00fatbol\u201d\">[&#8230;]<\/a><\/p>\n<\/div>","protected":false},"author":6,"featured_media":0,"comment_status":"closed","ping_status":"closed","sticky":false,"template":"","format":"video","meta":{"_jetpack_memberships_contains_paid_content":false,"footnotes":"","jetpack_publicize_message":"","jetpack_publicize_feature_enabled":true,"jetpack_social_post_already_shared":true,"jetpack_social_options":{"image_generator_settings":{"template":"highway","enabled":false},"version":2}},"categories":[4],"tags":[],"class_list":{"0":"post-41699","1":"post","2":"type-post","3":"status-publish","4":"format-video","6":"category-actualidad","7":"post_format-post-format-video"},"jetpack_publicize_connections":[],"jetpack_sharing_enabled":true,"jetpack_featured_media_url":"","jetpack_shortlink":"https:\/\/wp.me\/p90W9F-aQz","_links":{"self":[{"href":"https:\/\/www.masrojo.com.ar\/home\/wp-json\/wp\/v2\/posts\/41699"}],"collection":[{"href":"https:\/\/www.masrojo.com.ar\/home\/wp-json\/wp\/v2\/posts"}],"about":[{"href":"https:\/\/www.masrojo.com.ar\/home\/wp-json\/wp\/v2\/types\/post"}],"author":[{"embeddable":true,"href":"https:\/\/www.masrojo.com.ar\/home\/wp-json\/wp\/v2\/users\/6"}],"replies":[{"embeddable":true,"href":"https:\/\/www.masrojo.com.ar\/home\/wp-json\/wp\/v2\/comments?post=41699"}],"version-history":[{"count":1,"href":"https:\/\/www.masrojo.com.ar\/home\/wp-json\/wp\/v2\/posts\/41699\/revisions"}],"predecessor-version":[{"id":41705,"href":"https:\/\/www.masrojo.com.ar\/home\/wp-json\/wp\/v2\/posts\/41699\/revisions\/41705"}],"wp:attachment":[{"href":"https:\/\/www.masrojo.com.ar\/home\/wp-json\/wp\/v2\/media?parent=41699"}],"wp:term":[{"taxonomy":"category","embeddable":true,"href":"https:\/\/www.masrojo.com.ar\/home\/wp-json\/wp\/v2\/categories?post=41699"},{"taxonomy":"post_tag","embeddable":true,"href":"https:\/\/www.masrojo.com.ar\/home\/wp-json\/wp\/v2\/tags?post=41699"}],"curies":[{"name":"wp","href":"https:\/\/api.w.org\/{rel}","templated":true}]}}