{"id":41706,"date":"2020-08-05T09:14:03","date_gmt":"2020-08-05T12:14:03","guid":{"rendered":"https:\/\/www.masrojo.com.ar\/home\/?p=41706"},"modified":"2020-08-05T09:14:03","modified_gmt":"2020-08-05T12:14:03","slug":"franco-presiona-para-irse","status":"publish","type":"post","link":"https:\/\/www.masrojo.com.ar\/home\/2020\/08\/05\/franco-presiona-para-irse\/","title":{"rendered":"FRANCO PRESIONA PARA IRSE"},"content":{"rendered":"<div class=\"MuiGrid-root MuiGrid-container MuiGrid-spacing-xs-8\">\n<div class=\"MuiGrid-root MuiGrid-item MuiGrid-grid-xs-12 MuiGrid-grid-sm-6\">\n<div class=\"jss168\" style=\"text-align: justify;\">La dirigencia del Rojo le pidi\u00f3 a Dynamo Zagreb que proporcione nuevos fondos para transferir al defensor de 24 a\u00f1os. Esto es para deshacerse de la parte correspondiente a San Telmo.<\/div>\n<\/div>\n<\/div>\n<div style=\"text-align: justify;\"><\/div>\n<div style=\"text-align: justify;\">Por Alan Franco, quien ya recibi\u00f3 una propuesta del Dinamo Zagreb, pero fue desestimada ya que no llegaba a las pretensiones econ\u00f3micas del club.<\/div>\n<div style=\"text-align: justify;\"><\/div>\n<div style=\"text-align: justify;\">\n<p><strong>\u201cLa propuesta que lleg\u00f3 por \u00e9l no es buena para Independiente. Lo decidi\u00f3 el presidente<\/strong>\u201d, afirm\u00f3 Jorge Burruchaga, en di\u00e1logo con TyC Sports.<\/p>\n<div class=\"sp__SM\">\n<div class=\"content-new  \">\n<div class=\"mg\">\n<div class=\"wrap-figure\">Seg\u00fan informa el periodista Nahuel Lanzillotta de Clar\u00edn <strong><strong>Alan Franco decidi\u00f3 no sumarse a los entrenamientos virtuales del plantel de esta semana ante la negativa de la dirigencia de aceptar la oferta realizada por el Dinamo Zagreb de Croacia.<\/strong><\/strong><strong>El m\u00e1nager,\u00a0Jorge Burruchaga, se contact\u00f3 este lunes con \u00e9l para explicarle las pretensiones del club para dejarlo ir. Pero, al parecer, Franco conf\u00eda en que su presi\u00f3n funcione, aunque\u00a0en Avellaneda advierten que si se mantiene as\u00ed podr\u00edan sancionarlo ya que tiene un contrato firmado.<\/strong><\/p>\n<\/div>\n<\/div>\n<\/div>\n<\/div>\n<\/div>\n<div style=\"text-align: justify;\"><\/div>\n<div style=\"text-align: justify;\">Los croatas est\u00e1n dispuestos a invertir $ 4,3 millones por el central de 24 a\u00f1os. Pero en el Rojo, tienen la intenci\u00f3n de recaudar $ 5 millones libres de impuestos por el defensor. Uno de los problemas es que San Telmo posee el 20% del pase, y si la venta es exitosa, exigir\u00e1 ese porcentaje. Por lo tanto, respondieron desde el rojo y pidieron 6 millones de verdes, que cuentan el porcentaje de San Telmo.<\/div>\n","protected":false},"excerpt":{"rendered":"<div class=\"mh-excerpt\"><p>La dirigencia del Rojo le pidi\u00f3 a Dynamo Zagreb que proporcione nuevos fondos para transferir al defensor de 24 a\u00f1os. Esto es para deshacerse de la parte correspondiente a San Telmo. Por Alan Franco, quien <a class=\"mh-excerpt-more\" href=\"https:\/\/www.masrojo.com.ar\/home\/2020\/08\/05\/franco-presiona-para-irse\/\" title=\"FRANCO PRESIONA PARA IRSE\">[&#8230;]<\/a><\/p>\n<\/div>","protected":false},"author":6,"featured_media":0,"comment_status":"closed","ping_status":"closed","sticky":false,"template":"","format":"image","meta":{"_jetpack_memberships_contains_paid_content":false,"footnotes":"","jetpack_publicize_message":"","jetpack_publicize_feature_enabled":true,"jetpack_social_post_already_shared":true,"jetpack_social_options":{"image_generator_settings":{"template":"highway","enabled":false},"version":2}},"categories":[4],"tags":[],"class_list":{"0":"post-41706","1":"post","2":"type-post","3":"status-publish","4":"format-image","6":"category-actualidad","7":"post_format-post-format-image"},"jetpack_publicize_connections":[],"jetpack_sharing_enabled":true,"jetpack_featured_media_url":"","jetpack_shortlink":"https:\/\/wp.me\/p90W9F-aQG","_links":{"self":[{"href":"https:\/\/www.masrojo.com.ar\/home\/wp-json\/wp\/v2\/posts\/41706"}],"collection":[{"href":"https:\/\/www.masrojo.com.ar\/home\/wp-json\/wp\/v2\/posts"}],"about":[{"href":"https:\/\/www.masrojo.com.ar\/home\/wp-json\/wp\/v2\/types\/post"}],"author":[{"embeddable":true,"href":"https:\/\/www.masrojo.com.ar\/home\/wp-json\/wp\/v2\/users\/6"}],"replies":[{"embeddable":true,"href":"https:\/\/www.masrojo.com.ar\/home\/wp-json\/wp\/v2\/comments?post=41706"}],"version-history":[{"count":1,"href":"https:\/\/www.masrojo.com.ar\/home\/wp-json\/wp\/v2\/posts\/41706\/revisions"}],"predecessor-version":[{"id":41713,"href":"https:\/\/www.masrojo.com.ar\/home\/wp-json\/wp\/v2\/posts\/41706\/revisions\/41713"}],"wp:attachment":[{"href":"https:\/\/www.masrojo.com.ar\/home\/wp-json\/wp\/v2\/media?parent=41706"}],"wp:term":[{"taxonomy":"category","embeddable":true,"href":"https:\/\/www.masrojo.com.ar\/home\/wp-json\/wp\/v2\/categories?post=41706"},{"taxonomy":"post_tag","embeddable":true,"href":"https:\/\/www.masrojo.com.ar\/home\/wp-json\/wp\/v2\/tags?post=41706"}],"curies":[{"name":"wp","href":"https:\/\/api.w.org\/{rel}","templated":true}]}}