{"id":41938,"date":"2020-08-15T08:17:32","date_gmt":"2020-08-15T11:17:32","guid":{"rendered":"https:\/\/www.masrojo.com.ar\/home\/?p=41938"},"modified":"2020-08-15T08:18:12","modified_gmt":"2020-08-15T11:18:12","slug":"silvio-romero-firmo-su-nuevo-contrato","status":"publish","type":"post","link":"https:\/\/www.masrojo.com.ar\/home\/2020\/08\/15\/silvio-romero-firmo-su-nuevo-contrato\/","title":{"rendered":"Silvio Romero firm\u00f3 su nuevo contrato"},"content":{"rendered":"<div class=\"articleTop\">\n<p class=\"bajada\" style=\"text-align: justify;\">El delantero del Rojo sorprendi\u00f3 a todos los hinchas, que esperaban su firma para la semana que viene: se acerc\u00f3 este viernes al Libertadores de Am\u00e9rica y extendi\u00f3 su contrato hasta junio de 2023.<\/p>\n<\/div>\n<div class=\"articleMedia\">\n<p class=\"image\" style=\"text-align: justify;\"><picture><source srcset=\"https:\/\/media.tycsports.com\/files\/2020\/08\/14\/112215\/silvio-romero_416x234.png\" media=\"(max-width: 480px) \" data-srcset=\"https:\/\/media.tycsports.com\/files\/2020\/08\/14\/112215\/silvio-romero_416x234.png\" \/><\/picture><\/p>\n<div>\n<p style=\"text-align: justify;\"><strong>Independiente\u00a0<\/strong>hizo oficial este viernes la continuidad del delantero\u00a0<strong>Silvio Romero hasta junio de 2023<\/strong>, seg\u00fan inform\u00f3 el club a trav\u00e9s de sus redes sociales, poniendo fin a controversias y negociaciones que se dieron durante las \u00faltimas semanas.<\/p>\n<div>\n<div class=\"article__body__related-content\">\n<p style=\"text-align: justify;\">public\u00f3 una foto del atacante cordob\u00e9s firmando su nuevo v\u00ednculo, con la siguiente leyenda: \u00ab<strong>El Chino es del &#8216;Rojo<\/strong>&#8216;\u00bb. La operaci\u00f3n se resolvi\u00f3, finalmente, luego de que el jugador aceptase una rebaja salarial, con un tope de d\u00f3lar alto y una cl\u00e1usula de salida exclusiva por alguna oferta del exterior, estimada en<strong>\u00a05 millones de d\u00f3lares<\/strong>.<\/p>\n<p style=\"text-align: justify;\">Este viernes Independiente mostr\u00f3 las fotos de la firma del contrato del Chino, quien pos\u00f3 con una camiseta con el n\u00famero 2023, junto a Pablo Moyano y Jorge Burruchaga, en el estadio Libertadores de Am\u00e9rica.<\/p>\n<p style=\"text-align: justify;\"><strong>Boca hab\u00eda mostrado inter\u00e9s por el delantero<\/strong>, y hasta se hab\u00eda mencionado la posibilidad de que Iv\u00e1n Marcone forme parte de la operaci\u00f3n, ya que no tendr\u00e1 mucho lugar en el Xeneize.<\/p>\n<\/div>\n<\/div>\n<\/div>\n<\/div>\n","protected":false},"excerpt":{"rendered":"<div class=\"mh-excerpt\"><p>El delantero del Rojo sorprendi\u00f3 a todos los hinchas, que esperaban su firma para la semana que viene: se acerc\u00f3 este viernes al Libertadores de Am\u00e9rica y extendi\u00f3 su contrato hasta junio de 2023. Independiente\u00a0hizo <a class=\"mh-excerpt-more\" href=\"https:\/\/www.masrojo.com.ar\/home\/2020\/08\/15\/silvio-romero-firmo-su-nuevo-contrato\/\" title=\"Silvio Romero firm\u00f3 su nuevo contrato\">[&#8230;]<\/a><\/p>\n<\/div>","protected":false},"author":6,"featured_media":41939,"comment_status":"closed","ping_status":"closed","sticky":false,"template":"","format":"image","meta":{"_jetpack_memberships_contains_paid_content":false,"footnotes":"","jetpack_publicize_message":"","jetpack_publicize_feature_enabled":true,"jetpack_social_post_already_shared":true,"jetpack_social_options":{"image_generator_settings":{"template":"highway","enabled":false},"version":2}},"categories":[4],"tags":[],"class_list":{"0":"post-41938","1":"post","2":"type-post","3":"status-publish","4":"format-image","5":"has-post-thumbnail","7":"category-actualidad","8":"post_format-post-format-image"},"jetpack_publicize_connections":[],"jetpack_sharing_enabled":true,"jetpack_featured_media_url":"https:\/\/i0.wp.com\/www.masrojo.com.ar\/home\/wp-content\/uploads\/romero_ok.jpg?fit=1366%2C765&ssl=1","jetpack_shortlink":"https:\/\/wp.me\/p90W9F-aUq","_links":{"self":[{"href":"https:\/\/www.masrojo.com.ar\/home\/wp-json\/wp\/v2\/posts\/41938"}],"collection":[{"href":"https:\/\/www.masrojo.com.ar\/home\/wp-json\/wp\/v2\/posts"}],"about":[{"href":"https:\/\/www.masrojo.com.ar\/home\/wp-json\/wp\/v2\/types\/post"}],"author":[{"embeddable":true,"href":"https:\/\/www.masrojo.com.ar\/home\/wp-json\/wp\/v2\/users\/6"}],"replies":[{"embeddable":true,"href":"https:\/\/www.masrojo.com.ar\/home\/wp-json\/wp\/v2\/comments?post=41938"}],"version-history":[{"count":2,"href":"https:\/\/www.masrojo.com.ar\/home\/wp-json\/wp\/v2\/posts\/41938\/revisions"}],"predecessor-version":[{"id":41946,"href":"https:\/\/www.masrojo.com.ar\/home\/wp-json\/wp\/v2\/posts\/41938\/revisions\/41946"}],"wp:featuredmedia":[{"embeddable":true,"href":"https:\/\/www.masrojo.com.ar\/home\/wp-json\/wp\/v2\/media\/41939"}],"wp:attachment":[{"href":"https:\/\/www.masrojo.com.ar\/home\/wp-json\/wp\/v2\/media?parent=41938"}],"wp:term":[{"taxonomy":"category","embeddable":true,"href":"https:\/\/www.masrojo.com.ar\/home\/wp-json\/wp\/v2\/categories?post=41938"},{"taxonomy":"post_tag","embeddable":true,"href":"https:\/\/www.masrojo.com.ar\/home\/wp-json\/wp\/v2\/tags?post=41938"}],"curies":[{"name":"wp","href":"https:\/\/api.w.org\/{rel}","templated":true}]}}