{"id":41947,"date":"2020-08-15T08:21:49","date_gmt":"2020-08-15T11:21:49","guid":{"rendered":"https:\/\/www.masrojo.com.ar\/home\/?p=41947"},"modified":"2020-08-15T08:21:49","modified_gmt":"2020-08-15T11:21:49","slug":"el-mensaje-de-silvio-romero-tras-la-renovacion","status":"publish","type":"post","link":"https:\/\/www.masrojo.com.ar\/home\/2020\/08\/15\/el-mensaje-de-silvio-romero-tras-la-renovacion\/","title":{"rendered":"El mensaje de Silvio Romero tras la renovaci\u00f3n"},"content":{"rendered":"<div class=\"articleTop\">\n<h2 class=\"bajada\" style=\"text-align: justify;\">El delantero, que firm\u00f3 su nuevo v\u00ednculo con el club de Avellaneda, escribi\u00f3 un mensaje en las redes sociales para los fan\u00e1ticos del Rojo.<\/h2>\n<\/div>\n<div class=\"articleMedia\">\n<div class=\"image\" style=\"text-align: justify;\"><picture><source srcset=\"https:\/\/media.tycsports.com\/files\/2020\/03\/25\/93190\/silvio-romero_416x234.jpg?v=1\" media=\"(max-width: 480px) \" data-srcset=\"https:\/\/media.tycsports.com\/files\/2020\/03\/25\/93190\/silvio-romero_416x234.jpg?v=1\" \/><\/picture><\/div>\n<div>\n<p style=\"text-align: justify;\">\u00ab<i>Es un d\u00eda especial, no es una mera renovaci\u00f3n de contrato. Es la firma a una continuidad que significa y abarca muchas cosas.\u00a0<b>Hoy se concret\u00f3 y concluy\u00f3 una historia<\/b>, que despu\u00e9s de las versiones que circularon, se dio\u00a0<b>con el final a nivel profesional y familiar que dese\u00e1bamos<\/b><\/i>\u00ab, escribi\u00f3 el jugador en su cuenta personal de Instagram.<\/p>\n<div style=\"text-align: justify;\" align=\"center\">\n<div id=\"inline\" data-google-query-id=\"CL7v7fOKnesCFUU0uQYdb78DGw\">\n<div id=\"google_ads_iframe_\/125006397\/tyc\/nota\/inline_0__container__\">\n<div style=\"width: 480px;\" class=\"wp-video\"><!--[if lt IE 9]><script>document.createElement('video');<\/script><![endif]-->\n<video class=\"wp-video-shortcode\" id=\"video-41947-1\" width=\"480\" height=\"270\" preload=\"metadata\" controls=\"controls\"><source type=\"video\/mp4\" src=\"https:\/\/www.masrojo.com.ar\/home\/wp-content\/uploads\/Mq-x48zv_evq6zoz.mp4?_=1\" \/><a href=\"https:\/\/www.masrojo.com.ar\/home\/wp-content\/uploads\/Mq-x48zv_evq6zoz.mp4\">https:\/\/www.masrojo.com.ar\/home\/wp-content\/uploads\/Mq-x48zv_evq6zoz.mp4<\/a><\/video><\/div>\n<\/div>\n<\/div>\n<\/div>\n<p style=\"text-align: justify;\">El goleador de la \u00faltima Superliga, con doce anotaciones, asegur\u00f3 que est\u00e1n listos para ir por todos los objetivos. \u00ab<i>Con todo a lo que se viene. Deseo que tengamos la satisfacci\u00f3n de conseguir cosas importantes\u00bb<\/i>, asegur\u00f3. En la pr\u00f3ximo temporada, el Rojo afrontar\u00e1 la\u00a0Copa Argentina, la Liga Profesional del\u00a0F\u00fatbol\u00a0y, el gran objetivo, la\u00a0Copa Sudamericana.<\/p>\n<blockquote class=\"instagram-media\" style=\"background: #FFF; border: 0; border-radius: 3px; box-shadow: 0 0 1px 0 rgba(0,0,0,0.5),0 1px 10px 0 rgba(0,0,0,0.15); margin: 1px; max-width: 540px; min-width: 326px; padding: 0; width: calc(100% - 2px);\" data-instgrm-captioned=\"\" data-instgrm-permalink=\"https:\/\/www.instagram.com\/p\/CD4-D4PgQpN\/?utm_source=ig_embed&amp;utm_campaign=loading\" data-instgrm-version=\"12\">\n<div style=\"padding: 16px;\">\n<p>&nbsp;<\/p>\n<div style=\"display: flex; flex-direction: row; align-items: center;\">\n<div style=\"background-color: #f4f4f4; border-radius: 50%; flex-grow: 0; height: 40px; margin-right: 14px; width: 40px;\"><\/div>\n<div style=\"display: flex; flex-direction: column; flex-grow: 1; justify-content: center;\">\n<div style=\"background-color: #f4f4f4; border-radius: 4px; flex-grow: 0; height: 14px; margin-bottom: 6px; width: 100px;\"><\/div>\n<div style=\"background-color: #f4f4f4; border-radius: 4px; flex-grow: 0; height: 14px; width: 60px;\"><\/div>\n<\/div>\n<\/div>\n<div style=\"padding: 19% 0;\"><\/div>\n<div style=\"display: block; height: 50px; margin: 0 auto 12px; width: 50px;\"><\/div>\n<div style=\"padding-top: 8px;\">\n<div style=\"color: #3897f0; font-family: Arial,sans-serif; font-size: 14px; font-style: normal; font-weight: 550; line-height: 18px;\">Ver esta publicaci\u00f3n en Instagram<\/div>\n<\/div>\n<div style=\"padding: 12.5% 0;\"><\/div>\n<div style=\"display: flex; flex-direction: row; margin-bottom: 14px; align-items: center;\">\n<div>\n<div style=\"background-color: #f4f4f4; border-radius: 50%; height: 12.5px; width: 12.5px; transform: translateX(0px) translateY(7px);\"><\/div>\n<div style=\"background-color: #f4f4f4; height: 12.5px; transform: rotate(-45deg) translateX(3px) translateY(1px); width: 12.5px; flex-grow: 0; margin-right: 14px; margin-left: 2px;\"><\/div>\n<div style=\"background-color: #f4f4f4; border-radius: 50%; height: 12.5px; width: 12.5px; transform: translateX(9px) translateY(-18px);\"><\/div>\n<\/div>\n<div style=\"margin-left: 8px;\">\n<div style=\"background-color: #f4f4f4; border-radius: 50%; flex-grow: 0; height: 20px; width: 20px;\"><\/div>\n<div style=\"width: 0; height: 0; border-top: 2px solid transparent; border-left: 6px solid #f4f4f4; border-bottom: 2px solid transparent; transform: translateX(16px) translateY(-4px) rotate(30deg);\"><\/div>\n<\/div>\n<div style=\"margin-left: auto;\">\n<div style=\"width: 0px; border-top: 8px solid #F4F4F4; border-right: 8px solid transparent; transform: translateY(16px);\"><\/div>\n<div style=\"background-color: #f4f4f4; flex-grow: 0; height: 12px; width: 16px; transform: translateY(-4px);\"><\/div>\n<div style=\"width: 0; height: 0; border-top: 8px solid #F4F4F4; border-left: 8px solid transparent; transform: translateY(-4px) translateX(8px);\"><\/div>\n<\/div>\n<\/div>\n<p>&nbsp;<\/p>\n<p style=\"margin: 8px 0 0 0; padding: 0 4px;\"><a style=\"color: #000; font-family: Arial,sans-serif; font-size: 14px; font-style: normal; font-weight: normal; line-height: 17px; text-decoration: none; word-wrap: break-word;\" href=\"https:\/\/www.instagram.com\/p\/CD4-D4PgQpN\/?utm_source=ig_embed&amp;utm_campaign=loading\" target=\"_blank\" rel=\"noopener noreferrer\">UN D\u00cdA ESPECIAL&#8230; Esto no es una mera renovaci\u00f3n de contrato, es LA firma a una continuidad, que significa y abarca muchas cosas. Hoy se concret\u00f3 y concluy\u00f3 una historia, que despu\u00e9s de las versiones que circularon, se dio con el final a nivel profesional y familiar que dese\u00e1bamos!!! Gracias por todos los msjs de apoyo y demostraci\u00f3n de cari\u00f1o que fui recibiendo en este tiempo! Les deseo siempre el doble &#x1f64c;. Con todo a lo que se viene, y a disfrutar. Deseo que tengamos la satisfacci\u00f3n, de conseguir cosas importantes &#x1f4aa; Dirigentes, cuerpo t\u00e9cnico, jugadores e hinchas; todos juntos por el bien del REY DE COPAS &#x1f534;&#x1f534;&#x1f534; 7L<\/a><\/p>\n<p style=\"color: #c9c8cd; font-family: Arial,sans-serif; font-size: 14px; line-height: 17px; margin-bottom: 0; margin-top: 8px; overflow: hidden; padding: 8px 0 7px; text-align: center; text-overflow: ellipsis; white-space: nowrap;\">Una publicaci\u00f3n compartida de <a style=\"color: #c9c8cd; font-family: Arial,sans-serif; font-size: 14px; font-style: normal; font-weight: normal; line-height: 17px;\" href=\"https:\/\/www.instagram.com\/silvioromerook\/?utm_source=ig_embed&amp;utm_campaign=loading\" target=\"_blank\" rel=\"noopener noreferrer\"> Chino Romero Oficial<\/a> (@silvioromerook) el <time style=\"font-family: Arial,sans-serif; font-size: 14px; line-height: 17px;\" datetime=\"2020-08-15T00:39:25+00:00\">14 Ago, 2020 a las 5:39 PDT<\/time><\/p>\n<\/div>\n<\/blockquote>\n<p><script async src=\"\/\/www.instagram.com\/embed.js\"><\/script><\/p>\n<\/div>\n<\/div>\n","protected":false},"excerpt":{"rendered":"<div class=\"mh-excerpt\"><p>El delantero, que firm\u00f3 su nuevo v\u00ednculo con el club de Avellaneda, escribi\u00f3 un mensaje en las redes sociales para los fan\u00e1ticos del Rojo. \u00abEs un d\u00eda especial, no es una mera renovaci\u00f3n de contrato. <a class=\"mh-excerpt-more\" href=\"https:\/\/www.masrojo.com.ar\/home\/2020\/08\/15\/el-mensaje-de-silvio-romero-tras-la-renovacion\/\" title=\"El mensaje de Silvio Romero tras la renovaci\u00f3n\">[&#8230;]<\/a><\/p>\n<\/div>","protected":false},"author":6,"featured_media":0,"comment_status":"closed","ping_status":"closed","sticky":false,"template":"","format":"video","meta":{"_jetpack_memberships_contains_paid_content":false,"footnotes":"","jetpack_publicize_message":"","jetpack_publicize_feature_enabled":true,"jetpack_social_post_already_shared":true,"jetpack_social_options":{"image_generator_settings":{"template":"highway","enabled":false},"version":2}},"categories":[4],"tags":[],"class_list":{"0":"post-41947","1":"post","2":"type-post","3":"status-publish","4":"format-video","6":"category-actualidad","7":"post_format-post-format-video"},"jetpack_publicize_connections":[],"jetpack_sharing_enabled":true,"jetpack_featured_media_url":"","jetpack_shortlink":"https:\/\/wp.me\/p90W9F-aUz","_links":{"self":[{"href":"https:\/\/www.masrojo.com.ar\/home\/wp-json\/wp\/v2\/posts\/41947"}],"collection":[{"href":"https:\/\/www.masrojo.com.ar\/home\/wp-json\/wp\/v2\/posts"}],"about":[{"href":"https:\/\/www.masrojo.com.ar\/home\/wp-json\/wp\/v2\/types\/post"}],"author":[{"embeddable":true,"href":"https:\/\/www.masrojo.com.ar\/home\/wp-json\/wp\/v2\/users\/6"}],"replies":[{"embeddable":true,"href":"https:\/\/www.masrojo.com.ar\/home\/wp-json\/wp\/v2\/comments?post=41947"}],"version-history":[{"count":1,"href":"https:\/\/www.masrojo.com.ar\/home\/wp-json\/wp\/v2\/posts\/41947\/revisions"}],"predecessor-version":[{"id":41955,"href":"https:\/\/www.masrojo.com.ar\/home\/wp-json\/wp\/v2\/posts\/41947\/revisions\/41955"}],"wp:attachment":[{"href":"https:\/\/www.masrojo.com.ar\/home\/wp-json\/wp\/v2\/media?parent=41947"}],"wp:term":[{"taxonomy":"category","embeddable":true,"href":"https:\/\/www.masrojo.com.ar\/home\/wp-json\/wp\/v2\/categories?post=41947"},{"taxonomy":"post_tag","embeddable":true,"href":"https:\/\/www.masrojo.com.ar\/home\/wp-json\/wp\/v2\/tags?post=41947"}],"curies":[{"name":"wp","href":"https:\/\/api.w.org\/{rel}","templated":true}]}}