{"id":41956,"date":"2020-08-16T20:25:06","date_gmt":"2020-08-16T23:25:06","guid":{"rendered":"https:\/\/www.masrojo.com.ar\/home\/?p=41956"},"modified":"2020-08-16T20:25:06","modified_gmt":"2020-08-16T23:25:06","slug":"la-semana-del-rojo","status":"publish","type":"post","link":"https:\/\/www.masrojo.com.ar\/home\/2020\/08\/16\/la-semana-del-rojo\/","title":{"rendered":"LA SEMANA DEL ROJO"},"content":{"rendered":"<p class=\"capital\" style=\"text-align: justify;\">Independiente volvi\u00f3 a los entrenamientos el martes por la ma\u00f1ana en Villa Dom\u00ednico. Lo hizo en cuatro grupos separados y en dos turnos diferentes. Utiliza solamente dos de las cuatro canchas que circundan al Centro de alto rendimiento.<\/p>\n<p style=\"text-align: justify;\">Hubo dos ausencias ligadas a la pandemia: Fabricio Bustos y Mauro Molina dieron positivo de coronavirus y quedaron aislados por unos cuantos d\u00edas. Solamente el lateral derecho integra el grupo que maneja\u00a0Lucas Pusineri\u00a0y se retornar\u00eda el pr\u00f3ximo martes.<\/p>\n<div style=\"text-align: justify;\" align=\"center\">\n<div id=\"inline\" data-google-query-id=\"CL-9rv_uoOsCFYMIuQYdHssIrA\">\n<div id=\"google_ads_iframe_\/125006397\/tyc\/nota\/inline_0__container__\"><iframe id=\"google_ads_iframe_\/125006397\/tyc\/nota\/inline_0\" title=\"3rd party ad content\" name=\"google_ads_iframe_\/125006397\/tyc\/nota\/inline_0\" width=\"1\" height=\"1\" frameborder=\"0\" marginwidth=\"0\" marginheight=\"0\" scrolling=\"no\" data-google-container-id=\"e\" data-load-complete=\"true\" data-mce-fragment=\"1\"><\/iframe><\/div>\n<\/div>\n<\/div>\n<p style=\"text-align: justify;\">Los conflictos contractuales hicieron que\u00a0Mart\u00edn Campa\u00f1a\u00a0y Fernando Gaibor no volvieran a Argentina y reclamen legalmente sus libertades de acci\u00f3n. Sin embargo, la dirigencia reaccion\u00f3 a ambos casos y va a buscar indemnizaciones en caso de que no logre venderlos.<\/p>\n","protected":false},"excerpt":{"rendered":"<div class=\"mh-excerpt\"><p>Independiente volvi\u00f3 a los entrenamientos el martes por la ma\u00f1ana en Villa Dom\u00ednico. Lo hizo en cuatro grupos separados y en dos turnos diferentes. Utiliza solamente dos de las cuatro canchas que circundan al Centro <a class=\"mh-excerpt-more\" href=\"https:\/\/www.masrojo.com.ar\/home\/2020\/08\/16\/la-semana-del-rojo\/\" title=\"LA SEMANA DEL ROJO\">[&#8230;]<\/a><\/p>\n<\/div>","protected":false},"author":6,"featured_media":0,"comment_status":"closed","ping_status":"closed","sticky":false,"template":"","format":"image","meta":{"_jetpack_memberships_contains_paid_content":false,"footnotes":"","jetpack_publicize_message":"","jetpack_publicize_feature_enabled":true,"jetpack_social_post_already_shared":true,"jetpack_social_options":{"image_generator_settings":{"template":"highway","enabled":false},"version":2}},"categories":[4],"tags":[],"class_list":{"0":"post-41956","1":"post","2":"type-post","3":"status-publish","4":"format-image","6":"category-actualidad","7":"post_format-post-format-image"},"jetpack_publicize_connections":[],"jetpack_sharing_enabled":true,"jetpack_featured_media_url":"","jetpack_shortlink":"https:\/\/wp.me\/p90W9F-aUI","_links":{"self":[{"href":"https:\/\/www.masrojo.com.ar\/home\/wp-json\/wp\/v2\/posts\/41956"}],"collection":[{"href":"https:\/\/www.masrojo.com.ar\/home\/wp-json\/wp\/v2\/posts"}],"about":[{"href":"https:\/\/www.masrojo.com.ar\/home\/wp-json\/wp\/v2\/types\/post"}],"author":[{"embeddable":true,"href":"https:\/\/www.masrojo.com.ar\/home\/wp-json\/wp\/v2\/users\/6"}],"replies":[{"embeddable":true,"href":"https:\/\/www.masrojo.com.ar\/home\/wp-json\/wp\/v2\/comments?post=41956"}],"version-history":[{"count":1,"href":"https:\/\/www.masrojo.com.ar\/home\/wp-json\/wp\/v2\/posts\/41956\/revisions"}],"predecessor-version":[{"id":41963,"href":"https:\/\/www.masrojo.com.ar\/home\/wp-json\/wp\/v2\/posts\/41956\/revisions\/41963"}],"wp:attachment":[{"href":"https:\/\/www.masrojo.com.ar\/home\/wp-json\/wp\/v2\/media?parent=41956"}],"wp:term":[{"taxonomy":"category","embeddable":true,"href":"https:\/\/www.masrojo.com.ar\/home\/wp-json\/wp\/v2\/categories?post=41956"},{"taxonomy":"post_tag","embeddable":true,"href":"https:\/\/www.masrojo.com.ar\/home\/wp-json\/wp\/v2\/tags?post=41956"}],"curies":[{"name":"wp","href":"https:\/\/api.w.org\/{rel}","templated":true}]}}